{"id":26475,"date":"2021-08-24T02:35:20","date_gmt":"2021-08-24T02:35:20","guid":{"rendered":"http:\/\/elterritorialweb.com.ar\/web\/?p=26475"},"modified":"2021-08-24T02:35:20","modified_gmt":"2021-08-24T02:35:20","slug":"el-pato-filliol-dio-positivo-de-coronavirus","status":"publish","type":"post","link":"https:\/\/elterritorialweb.com.ar\/web\/el-pato-filliol-dio-positivo-de-coronavirus\/","title":{"rendered":"EL \u00abPATO\u00bb FILLIOL DI\u00d3 POSITIVO DE CORONAVIRUS"},"content":{"rendered":"\n<p>El excampe\u00f3n mundial con el seleccionado argentino de f\u00fatbol Ubaldo Matildo Fillol dio positivo en Covid-19 y permanece en reposo domiciliario con sintomatolog\u00eda leve, confirmaron este lunes a T\u00e9lam fuentes de su entorno.<\/p>\n\n\n\n<p>Fillol, de 71 a\u00f1os, present\u00f3 el domingo manifestaciones f\u00edsicas compatibles con la contracci\u00f3n del virus y ahora confirm\u00f3 el diagn\u00f3stico&nbsp;<strong>tras realizarse un hisopado en su ciudad natal, San Miguel del Monte, en la provincia de Buenos Aires.<\/strong><\/p>\n\n\n\n<p>El exarquero del seleccionado campe\u00f3n del Mundial Argentina &#8217;78&nbsp;<strong>tiene aplicadas las dos dosis de la vacuna Sputnik.<\/strong><\/p>\n\n\n\n<p>En la actualidad, el \u00abPato\u00bb se desempe\u00f1a como coordinador general del Departamento de Arqueros del f\u00fatbol amateur de River Plate; emprende el espacio \u00abEl Abrazo del Alma\u00bb en su cuenta Instagram y participa de un programa radial en La Red.<\/p>\n","protected":false},"excerpt":{"rendered":"<p>El arquero, campe\u00f3n del mundo 1978, dio positivo a un hisopado que se realiz\u00f3 en su ciudad, San Miguel del Monte. Fillol, de 71 a\u00f1os, tiene aplicadas las dos dosis de la vacuna Sputnik.<\/p>\n","protected":false},"author":2,"featured_media":26476,"comment_status":"open","ping_status":"open","sticky":false,"template":"","format":"standard","meta":{"om_disable_all_campaigns":false,"_monsterinsights_skip_tracking":false,"_monsterinsights_sitenote_active":false,"_monsterinsights_sitenote_note":"","_monsterinsights_sitenote_category":0,"_uf_show_specific_survey":0,"_uf_disable_surveys":false,"jetpack_post_was_ever_published":false,"_jetpack_newsletter_access":"","_jetpack_dont_email_post_to_subs":false,"_jetpack_newsletter_tier_id":0,"_jetpack_memberships_contains_paywalled_content":false,"_jetpack_memberships_contains_paid_content":false,"footnotes":"","jetpack_publicize_message":"","jetpack_publicize_feature_enabled":true,"jetpack_social_post_already_shared":false,"jetpack_social_options":{"image_generator_settings":{"template":"highway","default_image_id":0,"font":"","enabled":false},"version":2}},"categories":[6],"tags":[],"class_list":["post-26475","post","type-post","status-publish","format-standard","has-post-thumbnail","hentry","category-deportes"],"aioseo_notices":[],"views":6,"jetpack_publicize_connections":[],"jetpack_featured_media_url":"https:\/\/i0.wp.com\/elterritorialweb.com.ar\/web\/wp-content\/uploads\/2021\/08\/EL-PATO-FILLOL.jpg?fit=1200%2C771&ssl=1","jetpack_sharing_enabled":true,"_links":{"self":[{"href":"https:\/\/elterritorialweb.com.ar\/web\/wp-json\/wp\/v2\/posts\/26475","targetHints":{"allow":["GET"]}}],"collection":[{"href":"https:\/\/elterritorialweb.com.ar\/web\/wp-json\/wp\/v2\/posts"}],"about":[{"href":"https:\/\/elterritorialweb.com.ar\/web\/wp-json\/wp\/v2\/types\/post"}],"author":[{"embeddable":true,"href":"https:\/\/elterritorialweb.com.ar\/web\/wp-json\/wp\/v2\/users\/2"}],"replies":[{"embeddable":true,"href":"https:\/\/elterritorialweb.com.ar\/web\/wp-json\/wp\/v2\/comments?post=26475"}],"version-history":[{"count":1,"href":"https:\/\/elterritorialweb.com.ar\/web\/wp-json\/wp\/v2\/posts\/26475\/revisions"}],"predecessor-version":[{"id":26477,"href":"https:\/\/elterritorialweb.com.ar\/web\/wp-json\/wp\/v2\/posts\/26475\/revisions\/26477"}],"wp:featuredmedia":[{"embeddable":true,"href":"https:\/\/elterritorialweb.com.ar\/web\/wp-json\/wp\/v2\/media\/26476"}],"wp:attachment":[{"href":"https:\/\/elterritorialweb.com.ar\/web\/wp-json\/wp\/v2\/media?parent=26475"}],"wp:term":[{"taxonomy":"category","embeddable":true,"href":"https:\/\/elterritorialweb.com.ar\/web\/wp-json\/wp\/v2\/categories?post=26475"},{"taxonomy":"post_tag","embeddable":true,"href":"https:\/\/elterritorialweb.com.ar\/web\/wp-json\/wp\/v2\/tags?post=26475"}],"curies":[{"name":"wp","href":"https:\/\/api.w.org\/{rel}","templated":true}]}}