{"id":26478,"date":"2021-08-24T12:58:18","date_gmt":"2021-08-24T12:58:18","guid":{"rendered":"http:\/\/elterritorialweb.com.ar\/web\/?p=26478"},"modified":"2021-08-24T12:59:23","modified_gmt":"2021-08-24T12:59:23","slug":"obras-de-mejoras-del-alumbrado-publico-en-la-ciudad-capital","status":"publish","type":"post","link":"https:\/\/elterritorialweb.com.ar\/web\/obras-de-mejoras-del-alumbrado-publico-en-la-ciudad-capital\/","title":{"rendered":"OBRAS DE MEJORAS DEL ALUMBRADO P\u00daBLICO EN LA CIUDAD CAPITAL"},"content":{"rendered":"\n<p>Se trata de una primera etapa de obras de mejoras que consisten en el reemplazo del cableado a\u00e9reo y la futura instalaci\u00f3n de 100 luminarias de tecnolog\u00eda LED, para alcanzar condiciones aptas de visibilidad nocturna.<\/p>\n\n\n\n<p>Asimismo, se desarrollan tareas de mantenimiento y pintura de las columnas del alumbrado. En forma paralela y complementaria, los operarios de la repartici\u00f3n municipal instalan m\u00e1s de 60 nuevos artefactos LED en el paseo Col\u00f3n.<\/p>\n","protected":false},"excerpt":{"rendered":"<p>La Direcci\u00f3n de Electricidad de la Capital avanz\u00f3 con la refuncionalizaci\u00f3n del sistema de alumbrado p\u00fablico de la avenida Col\u00f3n, en el tramo comprendido entre Alsina y Su\u00e1rez por ambas aceras.<\/p>\n","protected":false},"author":2,"featured_media":26479,"comment_status":"open","ping_status":"open","sticky":false,"template":"","format":"standard","meta":{"om_disable_all_campaigns":false,"_monsterinsights_skip_tracking":false,"_monsterinsights_sitenote_active":false,"_monsterinsights_sitenote_note":"","_monsterinsights_sitenote_category":0,"_uf_show_specific_survey":0,"_uf_disable_surveys":false,"jetpack_post_was_ever_published":false,"_jetpack_newsletter_access":"","_jetpack_dont_email_post_to_subs":false,"_jetpack_newsletter_tier_id":0,"_jetpack_memberships_contains_paywalled_content":false,"_jetpack_memberships_contains_paid_content":false,"footnotes":"","jetpack_publicize_message":"","jetpack_publicize_feature_enabled":true,"jetpack_social_post_already_shared":false,"jetpack_social_options":{"image_generator_settings":{"template":"highway","default_image_id":0,"font":"","enabled":false},"version":2}},"categories":[21],"tags":[],"class_list":["post-26478","post","type-post","status-publish","format-standard","has-post-thumbnail","hentry","category-locales"],"aioseo_notices":[],"views":4,"jetpack_publicize_connections":[],"jetpack_featured_media_url":"https:\/\/i0.wp.com\/elterritorialweb.com.ar\/web\/wp-content\/uploads\/2021\/08\/ALUMBRADO-PUBLICO.jpg?fit=719%2C1280&ssl=1","jetpack_sharing_enabled":true,"_links":{"self":[{"href":"https:\/\/elterritorialweb.com.ar\/web\/wp-json\/wp\/v2\/posts\/26478","targetHints":{"allow":["GET"]}}],"collection":[{"href":"https:\/\/elterritorialweb.com.ar\/web\/wp-json\/wp\/v2\/posts"}],"about":[{"href":"https:\/\/elterritorialweb.com.ar\/web\/wp-json\/wp\/v2\/types\/post"}],"author":[{"embeddable":true,"href":"https:\/\/elterritorialweb.com.ar\/web\/wp-json\/wp\/v2\/users\/2"}],"replies":[{"embeddable":true,"href":"https:\/\/elterritorialweb.com.ar\/web\/wp-json\/wp\/v2\/comments?post=26478"}],"version-history":[{"count":1,"href":"https:\/\/elterritorialweb.com.ar\/web\/wp-json\/wp\/v2\/posts\/26478\/revisions"}],"predecessor-version":[{"id":26480,"href":"https:\/\/elterritorialweb.com.ar\/web\/wp-json\/wp\/v2\/posts\/26478\/revisions\/26480"}],"wp:featuredmedia":[{"embeddable":true,"href":"https:\/\/elterritorialweb.com.ar\/web\/wp-json\/wp\/v2\/media\/26479"}],"wp:attachment":[{"href":"https:\/\/elterritorialweb.com.ar\/web\/wp-json\/wp\/v2\/media?parent=26478"}],"wp:term":[{"taxonomy":"category","embeddable":true,"href":"https:\/\/elterritorialweb.com.ar\/web\/wp-json\/wp\/v2\/categories?post=26478"},{"taxonomy":"post_tag","embeddable":true,"href":"https:\/\/elterritorialweb.com.ar\/web\/wp-json\/wp\/v2\/tags?post=26478"}],"curies":[{"name":"wp","href":"https:\/\/api.w.org\/{rel}","templated":true}]}}