{"id":27183,"date":"2021-09-06T03:07:55","date_gmt":"2021-09-06T03:07:55","guid":{"rendered":"http:\/\/elterritorialweb.com.ar\/web\/?p=27183"},"modified":"2021-09-06T03:07:55","modified_gmt":"2021-09-06T03:07:55","slug":"la-banda-con-gran-convocatoria-iniciaron-las-actividades-para-el-mes-de-septiembre","status":"publish","type":"post","link":"https:\/\/elterritorialweb.com.ar\/web\/la-banda-con-gran-convocatoria-iniciaron-las-actividades-para-el-mes-de-septiembre\/","title":{"rendered":"LA BANDA: CON GRAN CONVOCATORIA INICIARON LAS ACTIVIDADES PARA EL MES DE SEPTIEMBRE"},"content":{"rendered":"\n<p class=\"wp-block-paragraph\">Dichas actividades, son organizadas conjuntamente por la Direcci\u00f3n de Turismo, Direcci\u00f3n de la Juventud y la Subsecretar\u00eda de Educaci\u00f3n y Cultura.<\/p>\n\n\n\n<p class=\"wp-block-paragraph\">En este sentido, la plaza Belgrano y la plaza Mauricio Rojas, ser\u00e1n escenario de coloridas jornadas, donde habr\u00e1n alrededor de 60 puestos de artesanos locales. All\u00ed, se puede encontrar desde manualidades, plantas, decoraciones, comestibles y dem\u00e1s productos aut\u00f3ctonos, fabricados por manos bande\u00f1as.<\/p>\n\n\n\n<p class=\"wp-block-paragraph\">Durante la jornada, adem\u00e1s de los productos que brindan los artesanos, los presentes, pueden disfrutar de clases de folclore, por el profesor Claudio Torres.<\/p>\n\n\n\n<p class=\"wp-block-paragraph\">Asimismo, cabe recordar que de lunes a viernes en horarios de la ma\u00f1ana y de la tarde, los puesteros se encontrar\u00e1n sobre Av. Besares, en el paseo Gabriel \u00c1balos; los s\u00e1bados y domingos, los ciudadanos podr\u00e1n recorrer los espacios de la plaza Belgrano y la plaza Mauricio Rojas a partir de las 16.<\/p>\n","protected":false},"excerpt":{"rendered":"<p>Con un fin de semana a puras ferias artesanales, La Municipalidad de La Banda, dio inicio a las actividades dispuestas para septiembre.<\/p>\n","protected":false},"author":2,"featured_media":27184,"comment_status":"open","ping_status":"open","sticky":false,"template":"","format":"standard","meta":{"om_disable_all_campaigns":false,"_monsterinsights_skip_tracking":false,"_uf_show_specific_survey":0,"_uf_disable_surveys":false,"_jetpack_newsletter_access":"","_jetpack_dont_email_post_to_subs":false,"_jetpack_newsletter_tier_id":0,"_jetpack_memberships_contains_paywalled_content":false,"_jetpack_feature_clip_id":0,"_jetpack_memberships_contains_paid_content":false,"footnotes":"","jetpack_publicize_message":"","jetpack_publicize_feature_enabled":true,"jetpack_social_post_already_shared":false,"jetpack_social_options":{"image_generator_settings":{"template":"highway","default_image_id":0,"font":"","enabled":false},"version":2},"jetpack_post_was_ever_published":false},"categories":[21],"tags":[],"class_list":["post-27183","post","type-post","status-publish","format-standard","has-post-thumbnail","hentry","category-locales"],"aioseo_notices":[],"views":8,"jetpack_publicize_connections":[],"jetpack_sharing_enabled":true,"jetpack_featured_media_url":"https:\/\/i0.wp.com\/elterritorialweb.com.ar\/web\/wp-content\/uploads\/2021\/09\/FERIA-LA-BANDA.jpeg?fit=1030%2C595&ssl=1","_links":{"self":[{"href":"https:\/\/elterritorialweb.com.ar\/web\/wp-json\/wp\/v2\/posts\/27183","targetHints":{"allow":["GET"]}}],"collection":[{"href":"https:\/\/elterritorialweb.com.ar\/web\/wp-json\/wp\/v2\/posts"}],"about":[{"href":"https:\/\/elterritorialweb.com.ar\/web\/wp-json\/wp\/v2\/types\/post"}],"author":[{"embeddable":true,"href":"https:\/\/elterritorialweb.com.ar\/web\/wp-json\/wp\/v2\/users\/2"}],"replies":[{"embeddable":true,"href":"https:\/\/elterritorialweb.com.ar\/web\/wp-json\/wp\/v2\/comments?post=27183"}],"version-history":[{"count":1,"href":"https:\/\/elterritorialweb.com.ar\/web\/wp-json\/wp\/v2\/posts\/27183\/revisions"}],"predecessor-version":[{"id":27185,"href":"https:\/\/elterritorialweb.com.ar\/web\/wp-json\/wp\/v2\/posts\/27183\/revisions\/27185"}],"wp:featuredmedia":[{"embeddable":true,"href":"https:\/\/elterritorialweb.com.ar\/web\/wp-json\/wp\/v2\/media\/27184"}],"wp:attachment":[{"href":"https:\/\/elterritorialweb.com.ar\/web\/wp-json\/wp\/v2\/media?parent=27183"}],"wp:term":[{"taxonomy":"category","embeddable":true,"href":"https:\/\/elterritorialweb.com.ar\/web\/wp-json\/wp\/v2\/categories?post=27183"},{"taxonomy":"post_tag","embeddable":true,"href":"https:\/\/elterritorialweb.com.ar\/web\/wp-json\/wp\/v2\/tags?post=27183"}],"curies":[{"name":"wp","href":"https:\/\/api.w.org\/{rel}","templated":true}]}}