{"id":27285,"date":"2021-09-08T04:02:07","date_gmt":"2021-09-08T04:02:07","guid":{"rendered":"http:\/\/elterritorialweb.com.ar\/web\/?p=27285"},"modified":"2021-09-08T04:02:08","modified_gmt":"2021-09-08T04:02:08","slug":"santoro-la-republica-elitista-que-propone-la-oposicion-es-indeseable","status":"publish","type":"post","link":"https:\/\/elterritorialweb.com.ar\/web\/santoro-la-republica-elitista-que-propone-la-oposicion-es-indeseable\/","title":{"rendered":"SANTORO: \u00abLA REP\u00daBLICA ELITISTA QUE PROPONE LA OPOSICI\u00d3N ES INDESEABLE\u00bb"},"content":{"rendered":"\n<p>El precandidato a diputado nacional del\u00a0Frente de Todos\u00a0(FdT) porte\u00f1o,\u00a0<strong>Leandro Santoro<\/strong>, asegur\u00f3 este martes que\u00a0<strong>\u00abla rep\u00fablica elitista que propone la oposici\u00f3n es indeseable\u00bb<\/strong>, al cerrar su campa\u00f1a electoral en el estadio de Ferro Carril Oeste, ubicado en el barrio de Caballito.<\/p>\n\n\n\n<p><strong>\u00abNuestro proyecto se define por una concepci\u00f3n \u00e9tica de la democracia. La rep\u00fablica elitista que propone la oposici\u00f3n es indeseable para nosotros\u00bb,<\/strong>\u00a0argument\u00f3 el asesor presidencial y apunt\u00f3 a su contrincante de Juntos por el Cambio,\u00a0<strong>Mar\u00eda Eugenia Vidal<\/strong>: \u00abSer\u00eda impensable que un candidato nuestro diga que se puede fumar marihuana en Palermo y no en un barrio popular\u00bb.<\/p>\n\n\n\n<p>Del acto tambi\u00e9n participaron&nbsp;<strong>Gisela Marziotta<\/strong>, compa\u00f1era de lista de Santoro, junto a&nbsp;<strong>Alejandro Amor<\/strong>&nbsp;y&nbsp;<strong>Victoria Montenegro,<\/strong>&nbsp;postulantes a legisladores porte\u00f1os, entre otros.<\/p>\n\n\n\n<p>\u00abParte del trabajo que hicimos en esta elecci\u00f3n fue tratar de explicar de donde ven\u00edamos para tratar con justicia el rol de nuestro Gobierno en esta pandemia y fijar el horizonte al cual queremos dirigirnos\u00bb, indic\u00f3 el polit\u00f3logo e hizo referencia a la renegociaci\u00f3n de la deuda con los acreedores privados y con el FMI.<\/p>\n\n\n\n<p>\u00abEn el medio de la pandemia tambi\u00e9n logramos repensar las prioridades. Lo primero que fue darnos cuenta de que atr\u00e1s de cada n\u00famero hab\u00eda una persona. Rescatamos a los empresarios y a los trabajadores, a la oferta y a la demanda.&nbsp;<strong>No direccionamos la ayuda p\u00fablica para beneficiar a un sector de la sociedad\u00bb<\/strong>, sentenci\u00f3.<\/p>\n\n\n\n<p>Tambi\u00e9n critic\u00f3 a la oposici\u00f3n por pedir bajar el gasto p\u00fablico. \u00ab\u00bfQu\u00e9 suceder\u00eda si la Argentina ajustara el gasto p\u00fablico en medio de una recesi\u00f3n? Hablan de econom\u00eda en el vac\u00edo.\u00a0<strong>No se dan cuenta de que atr\u00e1s de esos n\u00fameros hay gente\u00bb<\/strong>, explic\u00f3.<\/p>\n\n\n\n<p>\u00abTenemos que tener un objetivo claro que es el desarrollo econ\u00f3mico.&nbsp;<strong>El modelo de desarrollo es Estado y es mercado, las dos cosas.<\/strong>&nbsp;El Estado no genera recursos, pero el mercado tampoco, es la sociedad. Es el campo y es la industria. Es innecesario caer en estas antinomias, porque sino nos ponen de lado de los que hacen peligrar la propiedad privada y por eso nos cuesta tanto hacer pie en la Ciudad de Buenos Aires\u00bb, puntualiz\u00f3.<\/p>\n\n\n\n<p><strong>\u00abNosotros defendemos la propiedad privada y la p\u00fablica. En contra de la propiedad privada fue Macri cuando le trat\u00f3 de robar las empresas al empresariado argentino, cuando hizo que las principales empresas perdieran millones de pesos en sus acciones\u00bb,<\/strong>&nbsp;continu\u00f3.<\/p>\n\n\n\n<p>\u00abHay que construir poder popular. Hay que animarnos a decir qu\u00e9 es lo que queremos hacer. Hay que construir pueblo. La sociedad se constituye como pueblo cuando es consciente de sus intereses\u00bb, agreg\u00f3 y llam\u00f3 a \u00abbuscar a esas personas que no piensan como nosotros\u00bb.<\/p>\n\n\n\n<p>\u00abHay que hacerlo con todos los sectores de la econom\u00eda, de la cultura. Esta convocatoria es plural y es abierta. Tenemos la obligaci\u00f3n moral de hacerla\u00bb, cerr\u00f3.<\/p>\n","protected":false},"excerpt":{"rendered":"<p>El precandidato a diputado nacional se present\u00f3 junto a Gisela Marziotta, Alejandro Amor y Victoria Montenegro.<\/p>\n","protected":false},"author":2,"featured_media":27286,"comment_status":"open","ping_status":"open","sticky":false,"template":"","format":"standard","meta":{"om_disable_all_campaigns":false,"_monsterinsights_skip_tracking":false,"_monsterinsights_sitenote_active":false,"_monsterinsights_sitenote_note":"","_monsterinsights_sitenote_category":0,"_uf_show_specific_survey":0,"_uf_disable_surveys":false,"jetpack_post_was_ever_published":false,"_jetpack_newsletter_access":"","_jetpack_dont_email_post_to_subs":false,"_jetpack_newsletter_tier_id":0,"_jetpack_memberships_contains_paywalled_content":false,"_jetpack_memberships_contains_paid_content":false,"footnotes":"","jetpack_publicize_message":"","jetpack_publicize_feature_enabled":true,"jetpack_social_post_already_shared":false,"jetpack_social_options":{"image_generator_settings":{"template":"highway","default_image_id":0,"font":"","enabled":false},"version":2}},"categories":[18],"tags":[],"class_list":["post-27285","post","type-post","status-publish","format-standard","has-post-thumbnail","hentry","category-politica"],"aioseo_notices":[],"views":6,"jetpack_publicize_connections":[],"jetpack_featured_media_url":"https:\/\/i0.wp.com\/elterritorialweb.com.ar\/web\/wp-content\/uploads\/2021\/09\/SANTORO-CIERRE-DE-CAMPANA.jpg?fit=1600%2C979&ssl=1","jetpack_sharing_enabled":true,"_links":{"self":[{"href":"https:\/\/elterritorialweb.com.ar\/web\/wp-json\/wp\/v2\/posts\/27285","targetHints":{"allow":["GET"]}}],"collection":[{"href":"https:\/\/elterritorialweb.com.ar\/web\/wp-json\/wp\/v2\/posts"}],"about":[{"href":"https:\/\/elterritorialweb.com.ar\/web\/wp-json\/wp\/v2\/types\/post"}],"author":[{"embeddable":true,"href":"https:\/\/elterritorialweb.com.ar\/web\/wp-json\/wp\/v2\/users\/2"}],"replies":[{"embeddable":true,"href":"https:\/\/elterritorialweb.com.ar\/web\/wp-json\/wp\/v2\/comments?post=27285"}],"version-history":[{"count":1,"href":"https:\/\/elterritorialweb.com.ar\/web\/wp-json\/wp\/v2\/posts\/27285\/revisions"}],"predecessor-version":[{"id":27287,"href":"https:\/\/elterritorialweb.com.ar\/web\/wp-json\/wp\/v2\/posts\/27285\/revisions\/27287"}],"wp:featuredmedia":[{"embeddable":true,"href":"https:\/\/elterritorialweb.com.ar\/web\/wp-json\/wp\/v2\/media\/27286"}],"wp:attachment":[{"href":"https:\/\/elterritorialweb.com.ar\/web\/wp-json\/wp\/v2\/media?parent=27285"}],"wp:term":[{"taxonomy":"category","embeddable":true,"href":"https:\/\/elterritorialweb.com.ar\/web\/wp-json\/wp\/v2\/categories?post=27285"},{"taxonomy":"post_tag","embeddable":true,"href":"https:\/\/elterritorialweb.com.ar\/web\/wp-json\/wp\/v2\/tags?post=27285"}],"curies":[{"name":"wp","href":"https:\/\/api.w.org\/{rel}","templated":true}]}}