{"id":29122,"date":"2021-10-19T19:15:26","date_gmt":"2021-10-19T19:15:26","guid":{"rendered":"http:\/\/elterritorialweb.com.ar\/web\/?p=29122"},"modified":"2021-10-19T19:18:35","modified_gmt":"2021-10-19T19:18:35","slug":"nueva-edicion-del-festival-de-la-salamanca-2022-con-cartelera-confirmada","status":"publish","type":"post","link":"https:\/\/elterritorialweb.com.ar\/web\/nueva-edicion-del-festival-de-la-salamanca-2022-con-cartelera-confirmada\/","title":{"rendered":"NUEVA EDICI\u00d3N DEL FESTIVAL DE LA SALAMANCA 2022 CON CARTELERA CONFIRMADA"},"content":{"rendered":"\n<p>En la jornada de este martes, el intendente<strong>&nbsp;Pablo Mirolo<\/strong>&nbsp;realiz\u00f3 la presentaci\u00f3n oficial de la edici\u00f3n 2022 del&nbsp;<strong>Festival Nacional de La Salamanca<\/strong>&nbsp;que se realizar\u00e1 en el Club Sarmiento del<strong>&nbsp;3 al 7 de febrero.<\/strong><\/p>\n\n\n\n<p>En la conferencia de prensa que se realiz\u00f3 en las instalaciones del Gimnasio Municipal las autoridades de la comisi\u00f3n confirmaron la presencia de&nbsp;<strong>Luciano Pereyra, Los Tekis, Soledad Pastoruti, Jorge Rojas, Los Manseros Santiague\u00f1os, El \u00abChaque\u00f1o\u00bb Palavecino y Sergio Galleguillo,<\/strong>&nbsp;entre otros artistas de reconocimiento nacional.<\/p>\n\n\n\n<p>En la presentaci\u00f3n, el jefe comunal bande\u00f1o estuvo acompa\u00f1ado por el viceintendente Roger Nediani, la subsecretaria de Desarrollo Humano, Valeria Chazarreta; el bailar\u00edn Juan Saavedra; Jovita Subire; Alfredo \u00abAlito\u00bb Toledo; Luisa Galv\u00e1n; &nbsp;Alicia Pereyra; Sa\u00fal \u201cCuti\u201d Carabajal; Marcelo Toledo; Demi Carabajal; Bande\u00f1as; Los Capis y el locutor Juan Manuel Carabajal.<\/p>\n\n\n\n<p>En la oportunidad, <strong>Mirolo <\/strong>se\u00f1al\u00f3: <em>\u00abEstamos presentando este festival esperado por todos los bande\u00f1os y por todo el pa\u00eds ya que instal\u00f3 como un icono art\u00edstico y tur\u00edstico. Como producto de esta pandemia, se vio afectado todo y en esto entre los sectores m\u00e1s golpeados se encuentran los artistas, los trabajadores gastron\u00f3micos y de turismo. Queremos anunciar con mucho orgullo que se reactivar\u00e1 el Festival Nacional de La Salamanca que se realizar\u00e1 durante cinco jornadas en el mes de febrero del pr\u00f3ximo a\u00f1o\u00bb.<\/em><\/p>\n\n\n\n<p>Agreg\u00f3: <em>\u00abY esto es lo que nos corresponde como representantes del Estado, el hacer que retornen las actividades que son tradici\u00f3n en nuestra ciudad, hoy contamos con el acompa\u00f1amiento de nuestros artistas que viven desde ya un clima de fiesta y esperamos que todos nos acompa\u00f1en no solo los bande\u00f1os sino que esperamos contar el acompa\u00f1amiento de visitantes de todo el pa\u00eds\u201d<\/em>.<\/p>\n\n\n\n<p>La cartelera provisoria, es la siguiente<\/p>\n\n\n\n<p>Jueves 3: Luciano Pereyra, Los Carabajal, Q Lokura, Nestor Garnica, Flor Paz, Mavi D\u00edaz y Valeria D\u00edaz.<\/p>\n\n\n\n<p>Viernes 4: Los Tekis, Soledad, Raly Barrionuevo, Riendas Libres, Juan Saavedra, Las Sacha Guitarras y Bande\u00f1as.<\/p>\n\n\n\n<p>S\u00e1bado 5: Jorge Rojas, Los Manseros Santiague\u00f1os, Angela Leiva, D\u00fao Orellana Lucca, Cuty y Roberto Carabajal, Milena Salamanca y Luisa Galvan.<\/p>\n\n\n\n<p>Domingo 6: El \u00abChaque\u00f1o\u00bb Palavecino, La Delio Valdez, D\u00fao Coplanacu, Ahyre, Roxana Carabajal, Micaela Chauque y Graciela Carabajal.<\/p>\n\n\n\n<p>Lunes 7: Sergio Galleguillo, Horacio Banegas, La Konga, Jovita Subire, Mariela Carabajal, Los Capis y Victoria Ojeda.<\/p>\n","protected":false},"excerpt":{"rendered":"<p>El Festival Nacional de La Salamanca en su edici\u00f3n n\u00famero 30 ya tiene confirmaci\u00f3n de realizaci\u00f3n. La misma ser\u00e1 del 3 al 7 de febrero en el Club Sarmiento de la ciudad de La Banda.<\/p>\n","protected":false},"author":2,"featured_media":29123,"comment_status":"open","ping_status":"open","sticky":false,"template":"","format":"standard","meta":{"om_disable_all_campaigns":false,"_monsterinsights_skip_tracking":false,"_monsterinsights_sitenote_active":false,"_monsterinsights_sitenote_note":"","_monsterinsights_sitenote_category":0,"_uf_show_specific_survey":0,"_uf_disable_surveys":false,"jetpack_post_was_ever_published":false,"_jetpack_newsletter_access":"","_jetpack_dont_email_post_to_subs":false,"_jetpack_newsletter_tier_id":0,"_jetpack_memberships_contains_paywalled_content":false,"_jetpack_memberships_contains_paid_content":false,"footnotes":"","jetpack_publicize_message":"","jetpack_publicize_feature_enabled":true,"jetpack_social_post_already_shared":false,"jetpack_social_options":{"image_generator_settings":{"template":"highway","default_image_id":0,"font":"","enabled":false},"version":2}},"categories":[21],"tags":[],"class_list":["post-29122","post","type-post","status-publish","format-standard","has-post-thumbnail","hentry","category-locales"],"aioseo_notices":[],"views":15,"jetpack_publicize_connections":[],"jetpack_featured_media_url":"https:\/\/i0.wp.com\/elterritorialweb.com.ar\/web\/wp-content\/uploads\/2021\/10\/InShot_20211019_160923918.jpg?fit=1920%2C1920&ssl=1","jetpack_sharing_enabled":true,"_links":{"self":[{"href":"https:\/\/elterritorialweb.com.ar\/web\/wp-json\/wp\/v2\/posts\/29122","targetHints":{"allow":["GET"]}}],"collection":[{"href":"https:\/\/elterritorialweb.com.ar\/web\/wp-json\/wp\/v2\/posts"}],"about":[{"href":"https:\/\/elterritorialweb.com.ar\/web\/wp-json\/wp\/v2\/types\/post"}],"author":[{"embeddable":true,"href":"https:\/\/elterritorialweb.com.ar\/web\/wp-json\/wp\/v2\/users\/2"}],"replies":[{"embeddable":true,"href":"https:\/\/elterritorialweb.com.ar\/web\/wp-json\/wp\/v2\/comments?post=29122"}],"version-history":[{"count":1,"href":"https:\/\/elterritorialweb.com.ar\/web\/wp-json\/wp\/v2\/posts\/29122\/revisions"}],"predecessor-version":[{"id":29125,"href":"https:\/\/elterritorialweb.com.ar\/web\/wp-json\/wp\/v2\/posts\/29122\/revisions\/29125"}],"wp:featuredmedia":[{"embeddable":true,"href":"https:\/\/elterritorialweb.com.ar\/web\/wp-json\/wp\/v2\/media\/29123"}],"wp:attachment":[{"href":"https:\/\/elterritorialweb.com.ar\/web\/wp-json\/wp\/v2\/media?parent=29122"}],"wp:term":[{"taxonomy":"category","embeddable":true,"href":"https:\/\/elterritorialweb.com.ar\/web\/wp-json\/wp\/v2\/categories?post=29122"},{"taxonomy":"post_tag","embeddable":true,"href":"https:\/\/elterritorialweb.com.ar\/web\/wp-json\/wp\/v2\/tags?post=29122"}],"curies":[{"name":"wp","href":"https:\/\/api.w.org\/{rel}","templated":true}]}}