{"id":29493,"date":"2021-10-28T14:42:58","date_gmt":"2021-10-28T14:42:58","guid":{"rendered":"http:\/\/elterritorialweb.com.ar\/web\/?p=29493"},"modified":"2021-10-28T14:42:59","modified_gmt":"2021-10-28T14:42:59","slug":"inauguran-comisaria-y-entregan-25-viviendas-en-villa-atamisqui","status":"publish","type":"post","link":"https:\/\/elterritorialweb.com.ar\/web\/inauguran-comisaria-y-entregan-25-viviendas-en-villa-atamisqui\/","title":{"rendered":"INAUGURAN COMISARIA Y ENTREGAN 25 VIVIENDAS EN VILLA ATAMISQUI"},"content":{"rendered":"\n<p>El corte de cinta se llev\u00f3 a cabo en la nueva vivienda de Mar\u00eda Lourdes P\u00e9rez, del Barrio Independencia quien se mostr\u00f3 feliz por la casa&nbsp; y dijo \u00abGracias por darnos la vivienda digna para nuestros hijos para que estemos bien. Ahora tenemos nuestro techo a d\u00f3nde estar y estamos muy agradecidos con todo esto\u00bb.<\/p>\n\n\n\n<p>Se destaca que las viviendas fueron construidas por la Municipalidad de Villa Atamisqui y beneficia a familias de los barrios Matadero, Maracan\u00e1, Islas Malvinas, Independencia, Lomitas; adem\u00e1s de los parajes Bajadita, Escaleras, Coroneles, Hornillos e Himalaya.<\/p>\n\n\n\n<figure class=\"wp-block-image size-large\"><a href=\"https:\/\/i0.wp.com\/elterritorialweb.com.ar\/web\/wp-content\/uploads\/2021\/10\/COMISARIA-VILLA-ATAMISQUI-1.jpg\"><img data-recalc-dims=\"1\" decoding=\"async\" width=\"640\" height=\"426\" data-src=\"https:\/\/i0.wp.com\/elterritorialweb.com.ar\/web\/wp-content\/uploads\/2021\/10\/COMISARIA-VILLA-ATAMISQUI-1.jpg?resize=640%2C426\" alt=\"\" class=\"wp-image-29495 lazyload\" data-srcset=\"https:\/\/i0.wp.com\/elterritorialweb.com.ar\/web\/wp-content\/uploads\/2021\/10\/COMISARIA-VILLA-ATAMISQUI-1.jpg?resize=1024%2C682&amp;ssl=1 1024w, https:\/\/i0.wp.com\/elterritorialweb.com.ar\/web\/wp-content\/uploads\/2021\/10\/COMISARIA-VILLA-ATAMISQUI-1.jpg?resize=300%2C200&amp;ssl=1 300w, https:\/\/i0.wp.com\/elterritorialweb.com.ar\/web\/wp-content\/uploads\/2021\/10\/COMISARIA-VILLA-ATAMISQUI-1.jpg?resize=768%2C512&amp;ssl=1 768w, https:\/\/i0.wp.com\/elterritorialweb.com.ar\/web\/wp-content\/uploads\/2021\/10\/COMISARIA-VILLA-ATAMISQUI-1.jpg?w=1280&amp;ssl=1 1280w\" data-sizes=\"(max-width: 640px) 100vw, 640px\" src=\"data:image\/svg+xml;base64,PHN2ZyB3aWR0aD0iMSIgaGVpZ2h0PSIxIiB4bWxucz0iaHR0cDovL3d3dy53My5vcmcvMjAwMC9zdmciPjwvc3ZnPg==\" style=\"--smush-placeholder-width: 640px; --smush-placeholder-aspect-ratio: 640\/426;\" \/><\/a><\/figure>\n\n\n\n<p>El ministro&nbsp;de Desarrollo Social Dr. Niccolai destac\u00f3 que el programa fue lanzado por \u201cla Dra. Claudia&nbsp; de Zamora en el 2013\u201d y agreg\u00f3 \u201cahora miren ustedes como el programa fue avanzando y hoy es una realidad. La provincia llevan entregadas m\u00e1s de 26.000 viviendas sociales que han reemplazado a 26.000 ranchos o a 26.000 viviendas precarias y que ha permitido mejor a la calidad de vida de m\u00e1s de 130.000 santiague\u00f1os\u201d.<\/p>\n\n\n\n<p>Tambi\u00e9n se dej\u00f3 inaugurado el edificio de la Comisaria Seccional N\u00b020 que estar\u00e1 a cargo del comisario Alfredo Agudo. La dependencia cuenta con Oficinas para comisario, jefe de seguridad y otros usos, monitoreo con c\u00e1maras exteriores e interiores, sala de armas, celdas, sanitarios, computadoras, mobiliario correspondiente y se la dot\u00f3 de un moto veh\u00edculo Honda \u00abXR 150\u00bb.&nbsp;<\/p>\n\n\n\n<figure class=\"wp-block-image size-large\"><a href=\"https:\/\/i0.wp.com\/elterritorialweb.com.ar\/web\/wp-content\/uploads\/2021\/10\/COMISARIA-VILLA-ATAMISQUI-2.jpg\"><img data-recalc-dims=\"1\" decoding=\"async\" width=\"640\" height=\"426\" data-src=\"https:\/\/i0.wp.com\/elterritorialweb.com.ar\/web\/wp-content\/uploads\/2021\/10\/COMISARIA-VILLA-ATAMISQUI-2.jpg?resize=640%2C426\" alt=\"\" class=\"wp-image-29496 lazyload\" data-srcset=\"https:\/\/i0.wp.com\/elterritorialweb.com.ar\/web\/wp-content\/uploads\/2021\/10\/COMISARIA-VILLA-ATAMISQUI-2.jpg?resize=1024%2C682&amp;ssl=1 1024w, https:\/\/i0.wp.com\/elterritorialweb.com.ar\/web\/wp-content\/uploads\/2021\/10\/COMISARIA-VILLA-ATAMISQUI-2.jpg?resize=300%2C200&amp;ssl=1 300w, https:\/\/i0.wp.com\/elterritorialweb.com.ar\/web\/wp-content\/uploads\/2021\/10\/COMISARIA-VILLA-ATAMISQUI-2.jpg?resize=768%2C512&amp;ssl=1 768w, https:\/\/i0.wp.com\/elterritorialweb.com.ar\/web\/wp-content\/uploads\/2021\/10\/COMISARIA-VILLA-ATAMISQUI-2.jpg?w=1280&amp;ssl=1 1280w\" data-sizes=\"(max-width: 640px) 100vw, 640px\" src=\"data:image\/svg+xml;base64,PHN2ZyB3aWR0aD0iMSIgaGVpZ2h0PSIxIiB4bWxucz0iaHR0cDovL3d3dy53My5vcmcvMjAwMC9zdmciPjwvc3ZnPg==\" style=\"--smush-placeholder-width: 640px; --smush-placeholder-aspect-ratio: 640\/426;\" \/><\/a><\/figure>\n\n\n\n<p>Durante el acto central, el intendente, Dr. Daniel Herrero manifest\u00f3 \u00abdejamos entregadas y habilitadas 25 viviendas sociales de este programa que viene ya desde la gesti\u00f3n de la Dra. Claudia de Zamora, tratando no solamente de traer dignidad y el techo para la familia que lo necesite, sino tambi\u00e9n que tiene el enfoque sanitario de tener un lugar digno donde la vinchuca no entre y nuestros ni\u00f1os vivan sanos y lejos de la enfermedad que azota tanto a las localidades. Adem\u00e1s de este programa con el que ya llevamos 200 viviendas, 15 en ejecuci\u00f3n y 55 carpetas presentadas; tambi\u00e9n dejamos inaugurada la una moderna comisaria y modelo en la zona para una ciudad m\u00e1s segura y con mayores servicios\u00bb.<\/p>\n","protected":false},"excerpt":{"rendered":"<p>En la ciudad de Villa Atamisqui, departamento Atamisqui el ministro de Desarrollo Social, Dr. \u00c1ngel Hugo Niccolai  y el intendente, Dr. Daniel Herrero entregaron 25 viviendas sociales totalmente amobladas, a trav\u00e9s del programa de erradicaci\u00f3n de ranchos e inauguraron la Comisar\u00eda Comunitaria N\u00b0 20  en la que particip\u00f3 el Comisario Inspector Orlando Rivas en representaci\u00f3n de la Polic\u00eda de la provincia.<\/p>\n","protected":false},"author":2,"featured_media":29494,"comment_status":"open","ping_status":"open","sticky":false,"template":"","format":"standard","meta":{"om_disable_all_campaigns":false,"_monsterinsights_skip_tracking":false,"_monsterinsights_sitenote_active":false,"_monsterinsights_sitenote_note":"","_monsterinsights_sitenote_category":0,"_uf_show_specific_survey":0,"_uf_disable_surveys":false,"jetpack_post_was_ever_published":false,"_jetpack_newsletter_access":"","_jetpack_dont_email_post_to_subs":false,"_jetpack_newsletter_tier_id":0,"_jetpack_memberships_contains_paywalled_content":false,"_jetpack_memberships_contains_paid_content":false,"footnotes":"","jetpack_publicize_message":"","jetpack_publicize_feature_enabled":true,"jetpack_social_post_already_shared":false,"jetpack_social_options":{"image_generator_settings":{"template":"highway","default_image_id":0,"font":"","enabled":false},"version":2}},"categories":[21],"tags":[],"class_list":["post-29493","post","type-post","status-publish","format-standard","has-post-thumbnail","hentry","category-locales"],"aioseo_notices":[],"views":10,"jetpack_publicize_connections":[],"jetpack_featured_media_url":"https:\/\/i0.wp.com\/elterritorialweb.com.ar\/web\/wp-content\/uploads\/2021\/10\/COMISARIA-VILLA-ATAMISQUI.jpg?fit=1280%2C853&ssl=1","jetpack_sharing_enabled":true,"_links":{"self":[{"href":"https:\/\/elterritorialweb.com.ar\/web\/wp-json\/wp\/v2\/posts\/29493","targetHints":{"allow":["GET"]}}],"collection":[{"href":"https:\/\/elterritorialweb.com.ar\/web\/wp-json\/wp\/v2\/posts"}],"about":[{"href":"https:\/\/elterritorialweb.com.ar\/web\/wp-json\/wp\/v2\/types\/post"}],"author":[{"embeddable":true,"href":"https:\/\/elterritorialweb.com.ar\/web\/wp-json\/wp\/v2\/users\/2"}],"replies":[{"embeddable":true,"href":"https:\/\/elterritorialweb.com.ar\/web\/wp-json\/wp\/v2\/comments?post=29493"}],"version-history":[{"count":1,"href":"https:\/\/elterritorialweb.com.ar\/web\/wp-json\/wp\/v2\/posts\/29493\/revisions"}],"predecessor-version":[{"id":29497,"href":"https:\/\/elterritorialweb.com.ar\/web\/wp-json\/wp\/v2\/posts\/29493\/revisions\/29497"}],"wp:featuredmedia":[{"embeddable":true,"href":"https:\/\/elterritorialweb.com.ar\/web\/wp-json\/wp\/v2\/media\/29494"}],"wp:attachment":[{"href":"https:\/\/elterritorialweb.com.ar\/web\/wp-json\/wp\/v2\/media?parent=29493"}],"wp:term":[{"taxonomy":"category","embeddable":true,"href":"https:\/\/elterritorialweb.com.ar\/web\/wp-json\/wp\/v2\/categories?post=29493"},{"taxonomy":"post_tag","embeddable":true,"href":"https:\/\/elterritorialweb.com.ar\/web\/wp-json\/wp\/v2\/tags?post=29493"}],"curies":[{"name":"wp","href":"https:\/\/api.w.org\/{rel}","templated":true}]}}