{"id":32195,"date":"2022-01-03T13:39:27","date_gmt":"2022-01-03T13:39:27","guid":{"rendered":"http:\/\/elterritorialweb.com.ar\/web\/?p=32195"},"modified":"2022-01-03T13:41:50","modified_gmt":"2022-01-03T13:41:50","slug":"convocan-a-inscripcion-para-el-colegio-secundario-con-orientacion-en-robotica-y-programacion","status":"publish","type":"post","link":"https:\/\/elterritorialweb.com.ar\/web\/convocan-a-inscripcion-para-el-colegio-secundario-con-orientacion-en-robotica-y-programacion\/","title":{"rendered":"CONVOCAN A INSCRIPCI\u00d3N PARA EL COLEGIO SECUNDARIO CON ORIENTACI\u00d3N EN ROB\u00d3TICA Y PROGRAMACI\u00d3N"},"content":{"rendered":"\n<p>El Consejo General de Educaci\u00f3n convoca a Inscripci\u00f3n para Primer A\u00f1o del Nivel Secundario ciclo lectivo 2022, de la oferta educativa rob\u00f3tica y programaci\u00f3n correspondiente al Colegio recientemente creado, el cual se encuentra emplazado en el Parque Industrial La Isla de la ciudad de La Banda, Dpto. Banda, colindante con el Nodo Tecnol\u00f3gico. Su Matr\u00edcula es con cupo limitado. Los interesados deben presentarse en:<br>SUM Consejo General de Educaci\u00f3n (Avda. Belgrano Sur 1940)<br>D\u00edas: 04, 05 y 06 de Enero de 2022<br>Horario: 8.00 a 12.00 hs.<br>Requisitos<br>Fotocopia del DNI<br>Constancia de CUIL<br>Certificado y\/o libreta de 7\u00ba grado.<\/p>\n","protected":false},"excerpt":{"rendered":"<p>Consejo General de Educaci\u00f3n de Santiago del Estero.<\/p>\n","protected":false},"author":2,"featured_media":18585,"comment_status":"open","ping_status":"open","sticky":false,"template":"","format":"standard","meta":{"om_disable_all_campaigns":false,"_monsterinsights_skip_tracking":false,"_monsterinsights_sitenote_active":false,"_monsterinsights_sitenote_note":"","_monsterinsights_sitenote_category":0,"_uf_show_specific_survey":0,"_uf_disable_surveys":false,"jetpack_post_was_ever_published":false,"_jetpack_newsletter_access":"","_jetpack_dont_email_post_to_subs":false,"_jetpack_newsletter_tier_id":0,"_jetpack_memberships_contains_paywalled_content":false,"_jetpack_memberships_contains_paid_content":false,"footnotes":"","jetpack_publicize_message":"","jetpack_publicize_feature_enabled":true,"jetpack_social_post_already_shared":false,"jetpack_social_options":{"image_generator_settings":{"template":"highway","default_image_id":0,"font":"","enabled":false},"version":2}},"categories":[19],"tags":[],"class_list":["post-32195","post","type-post","status-publish","format-standard","has-post-thumbnail","hentry","category-educacion"],"aioseo_notices":[],"views":33,"jetpack_publicize_connections":[],"jetpack_featured_media_url":"https:\/\/i0.wp.com\/elterritorialweb.com.ar\/web\/wp-content\/uploads\/2021\/03\/CONSEJO-DE-EDUCACION.jpg?fit=1500%2C850&ssl=1","jetpack_sharing_enabled":true,"_links":{"self":[{"href":"https:\/\/elterritorialweb.com.ar\/web\/wp-json\/wp\/v2\/posts\/32195","targetHints":{"allow":["GET"]}}],"collection":[{"href":"https:\/\/elterritorialweb.com.ar\/web\/wp-json\/wp\/v2\/posts"}],"about":[{"href":"https:\/\/elterritorialweb.com.ar\/web\/wp-json\/wp\/v2\/types\/post"}],"author":[{"embeddable":true,"href":"https:\/\/elterritorialweb.com.ar\/web\/wp-json\/wp\/v2\/users\/2"}],"replies":[{"embeddable":true,"href":"https:\/\/elterritorialweb.com.ar\/web\/wp-json\/wp\/v2\/comments?post=32195"}],"version-history":[{"count":1,"href":"https:\/\/elterritorialweb.com.ar\/web\/wp-json\/wp\/v2\/posts\/32195\/revisions"}],"predecessor-version":[{"id":32196,"href":"https:\/\/elterritorialweb.com.ar\/web\/wp-json\/wp\/v2\/posts\/32195\/revisions\/32196"}],"wp:featuredmedia":[{"embeddable":true,"href":"https:\/\/elterritorialweb.com.ar\/web\/wp-json\/wp\/v2\/media\/18585"}],"wp:attachment":[{"href":"https:\/\/elterritorialweb.com.ar\/web\/wp-json\/wp\/v2\/media?parent=32195"}],"wp:term":[{"taxonomy":"category","embeddable":true,"href":"https:\/\/elterritorialweb.com.ar\/web\/wp-json\/wp\/v2\/categories?post=32195"},{"taxonomy":"post_tag","embeddable":true,"href":"https:\/\/elterritorialweb.com.ar\/web\/wp-json\/wp\/v2\/tags?post=32195"}],"curies":[{"name":"wp","href":"https:\/\/api.w.org\/{rel}","templated":true}]}}