{"id":32198,"date":"2022-01-03T14:00:55","date_gmt":"2022-01-03T14:00:55","guid":{"rendered":"http:\/\/elterritorialweb.com.ar\/web\/?p=32198"},"modified":"2022-01-03T14:03:14","modified_gmt":"2022-01-03T14:03:14","slug":"en-marzo-inauguran-el-primer-shopping-construido-con-contenedores","status":"publish","type":"post","link":"https:\/\/elterritorialweb.com.ar\/web\/en-marzo-inauguran-el-primer-shopping-construido-con-contenedores\/","title":{"rendered":"EN MARZO INAUGURAN EL PRIMER SHOPPING CONSTRUIDO CON CONTENEDORES"},"content":{"rendered":"\n<p>Es un espacio comercial sustentable, construido fundamentalmente con materiales reutilizados \u201ccontenedores\u201d y donde el agua que se recolecte de las lluvias, se va a usar en el funcionamiento del emprendimiento.<\/p>\n\n\n\n<figure class=\"wp-block-image size-full\"><a href=\"https:\/\/i0.wp.com\/elterritorialweb.com.ar\/web\/wp-content\/uploads\/2022\/01\/DSC01544.png\"><img data-recalc-dims=\"1\" decoding=\"async\" width=\"640\" height=\"361\" data-src=\"https:\/\/i0.wp.com\/elterritorialweb.com.ar\/web\/wp-content\/uploads\/2022\/01\/DSC01544.png?resize=640%2C361\" alt=\"\" class=\"wp-image-32200 lazyload\" data-srcset=\"https:\/\/i0.wp.com\/elterritorialweb.com.ar\/web\/wp-content\/uploads\/2022\/01\/DSC01544.png?w=800&amp;ssl=1 800w, https:\/\/i0.wp.com\/elterritorialweb.com.ar\/web\/wp-content\/uploads\/2022\/01\/DSC01544.png?resize=300%2C169&amp;ssl=1 300w, https:\/\/i0.wp.com\/elterritorialweb.com.ar\/web\/wp-content\/uploads\/2022\/01\/DSC01544.png?resize=768%2C433&amp;ssl=1 768w\" data-sizes=\"(max-width: 640px) 100vw, 640px\" src=\"data:image\/svg+xml;base64,PHN2ZyB3aWR0aD0iMSIgaGVpZ2h0PSIxIiB4bWxucz0iaHR0cDovL3d3dy53My5vcmcvMjAwMC9zdmciPjwvc3ZnPg==\" style=\"--smush-placeholder-width: 640px; --smush-placeholder-aspect-ratio: 640\/361;\" \/><\/a><\/figure>\n\n\n\n<p>Este shopping tendr\u00e1 una distribuci\u00f3n planificada para que la gente mientras lo recorra l\u00fadicamente, pueda encontrar todo lo que necesita, ya que contar\u00e1 con todo tipo de negocios, desde supermercado, hasta espacios de comida, sector de artesan\u00edas, electrodom\u00e9sticos, indumentaria y mucho m\u00e1s.<\/p>\n\n\n\n<p>El proyecto tiene una clara representaci\u00f3n con lo santiague\u00f1o, por tal motivo, est\u00e1 provisto de una decoraci\u00f3n que tiene r\u00e9plicas del Puente Carretero y del Puente Negro.<\/p>\n\n\n\n<p>Adem\u00e1s de ser un espacio destinado a la realizaci\u00f3n de actividades comerciales, tendr\u00e1 un rol activo en la sociedad, colaborando en la concientizaci\u00f3n del cuidado del medio ambiente, organizando la recolecci\u00f3n y clasificaci\u00f3n de residuos para su posterior reciclado y reutilizaci\u00f3n y esponsorizando campa\u00f1as que tengan como centro esta tem\u00e1tica.<\/p>\n\n\n\n<p>Este emprendimiento empez\u00f3 a desarrollarse hace 3 a\u00f1os en la b\u00fasqueda de nuevos emprendimientos comerciales que tuvieran como prioridad el cuidado del medioambiente y que utilizara energ\u00edas renovables en Santiago del Estero.<\/p>\n\n\n\n<p>La inspiraci\u00f3n surgi\u00f3 de centros comerciales similares en todo el mundo. Con estas premisas y los antecedentes de los dem\u00e1s pa\u00edses, se comenz\u00f3 a dise\u00f1ar el proyecto, luego inici\u00f3 la b\u00fasqueda de la locaci\u00f3n que permitiera llevar a cabo el paseo comercial y por \u00faltimo se empez\u00f3 la construcci\u00f3n. Hoy en d\u00eda la edificaci\u00f3n del Shopping est\u00e1 casi terminada.<\/p>\n\n\n\n<figure class=\"wp-block-image size-full\"><a href=\"https:\/\/i0.wp.com\/elterritorialweb.com.ar\/web\/wp-content\/uploads\/2022\/01\/DSC01549.png\"><img data-recalc-dims=\"1\" decoding=\"async\" width=\"563\" height=\"1000\" data-src=\"https:\/\/i0.wp.com\/elterritorialweb.com.ar\/web\/wp-content\/uploads\/2022\/01\/DSC01549.png?resize=563%2C1000\" alt=\"\" class=\"wp-image-32201 lazyload\" data-srcset=\"https:\/\/i0.wp.com\/elterritorialweb.com.ar\/web\/wp-content\/uploads\/2022\/01\/DSC01549.png?w=563&amp;ssl=1 563w, https:\/\/i0.wp.com\/elterritorialweb.com.ar\/web\/wp-content\/uploads\/2022\/01\/DSC01549.png?resize=169%2C300&amp;ssl=1 169w\" data-sizes=\"(max-width: 563px) 100vw, 563px\" src=\"data:image\/svg+xml;base64,PHN2ZyB3aWR0aD0iMSIgaGVpZ2h0PSIxIiB4bWxucz0iaHR0cDovL3d3dy53My5vcmcvMjAwMC9zdmciPjwvc3ZnPg==\" style=\"--smush-placeholder-width: 563px; --smush-placeholder-aspect-ratio: 563\/1000;\" \/><\/a><\/figure>\n\n\n\n<p><strong>El proyecto cuenta con 60 locales comerciales, con la creaci\u00f3n de 500 nuevos puestos de trabajo entre empleos directos e indirectos, en un predio de 40.000 m2 totales, y se encuentran 8.4 kms de la plaza Libertad.<\/strong><\/p>\n\n\n\n<p>Con la apertura permitir\u00e1 que Santiago, pueda contar con el primer Atractivo Tur\u00edstico Comercial de categor\u00eda internacional (turismo de compras) y convertirla en la primera provincia del Norte en contar con un espacio de estas caracter\u00edsticas.Generar\u00e1 ingresos provenientes de los impuestos para la provincia, y agregar\u00e1 valor a la imagen de desarrollo que tiene la provincia<\/p>\n\n\n\n<p>La inauguraci\u00f3n se realizar\u00e1 en el mes de marzo, e invitamos a todos los interesados en tener su negocio o una sucursal en el shopping, a que entren en el siguiente link para conocerlo mejor y contactarse:&nbsp;<a href=\"http:\/\/www.conteshopping.com.ar\/\" target=\"_blank\" rel=\"noreferrer noopener\">www.conteshopping.com.ar<\/a><\/p>\n","protected":false},"excerpt":{"rendered":"<p>Ubicado a las afueras de la ciudad de Santiago del Estero, en la localidad de El Zanj\u00f3n sobre la Ruta Nacional 9, se est\u00e1 desarrollando el primer Shopping construido con contenedores de la provincia y del norte argentino.<\/p>\n","protected":false},"author":2,"featured_media":32199,"comment_status":"open","ping_status":"open","sticky":false,"template":"","format":"standard","meta":{"om_disable_all_campaigns":false,"_monsterinsights_skip_tracking":false,"_monsterinsights_sitenote_active":false,"_monsterinsights_sitenote_note":"","_monsterinsights_sitenote_category":0,"_uf_show_specific_survey":0,"_uf_disable_surveys":false,"jetpack_post_was_ever_published":false,"_jetpack_newsletter_access":"","_jetpack_dont_email_post_to_subs":false,"_jetpack_newsletter_tier_id":0,"_jetpack_memberships_contains_paywalled_content":false,"_jetpack_memberships_contains_paid_content":false,"footnotes":"","jetpack_publicize_message":"","jetpack_publicize_feature_enabled":true,"jetpack_social_post_already_shared":false,"jetpack_social_options":{"image_generator_settings":{"template":"highway","default_image_id":0,"font":"","enabled":false},"version":2}},"categories":[21],"tags":[],"class_list":["post-32198","post","type-post","status-publish","format-standard","has-post-thumbnail","hentry","category-locales"],"aioseo_notices":[],"views":12,"jetpack_publicize_connections":[],"jetpack_featured_media_url":"https:\/\/i0.wp.com\/elterritorialweb.com.ar\/web\/wp-content\/uploads\/2022\/01\/DSC01545.png?fit=800%2C451&ssl=1","jetpack_sharing_enabled":true,"_links":{"self":[{"href":"https:\/\/elterritorialweb.com.ar\/web\/wp-json\/wp\/v2\/posts\/32198","targetHints":{"allow":["GET"]}}],"collection":[{"href":"https:\/\/elterritorialweb.com.ar\/web\/wp-json\/wp\/v2\/posts"}],"about":[{"href":"https:\/\/elterritorialweb.com.ar\/web\/wp-json\/wp\/v2\/types\/post"}],"author":[{"embeddable":true,"href":"https:\/\/elterritorialweb.com.ar\/web\/wp-json\/wp\/v2\/users\/2"}],"replies":[{"embeddable":true,"href":"https:\/\/elterritorialweb.com.ar\/web\/wp-json\/wp\/v2\/comments?post=32198"}],"version-history":[{"count":2,"href":"https:\/\/elterritorialweb.com.ar\/web\/wp-json\/wp\/v2\/posts\/32198\/revisions"}],"predecessor-version":[{"id":32203,"href":"https:\/\/elterritorialweb.com.ar\/web\/wp-json\/wp\/v2\/posts\/32198\/revisions\/32203"}],"wp:featuredmedia":[{"embeddable":true,"href":"https:\/\/elterritorialweb.com.ar\/web\/wp-json\/wp\/v2\/media\/32199"}],"wp:attachment":[{"href":"https:\/\/elterritorialweb.com.ar\/web\/wp-json\/wp\/v2\/media?parent=32198"}],"wp:term":[{"taxonomy":"category","embeddable":true,"href":"https:\/\/elterritorialweb.com.ar\/web\/wp-json\/wp\/v2\/categories?post=32198"},{"taxonomy":"post_tag","embeddable":true,"href":"https:\/\/elterritorialweb.com.ar\/web\/wp-json\/wp\/v2\/tags?post=32198"}],"curies":[{"name":"wp","href":"https:\/\/api.w.org\/{rel}","templated":true}]}}