{"id":32204,"date":"2022-01-03T14:15:02","date_gmt":"2022-01-03T14:15:02","guid":{"rendered":"http:\/\/elterritorialweb.com.ar\/web\/?p=32204"},"modified":"2022-01-03T14:52:03","modified_gmt":"2022-01-03T14:52:03","slug":"racing-arranco-la-pretemporada-con-cuatro-futbolistas-con-covid-positivo","status":"publish","type":"post","link":"https:\/\/elterritorialweb.com.ar\/web\/racing-arranco-la-pretemporada-con-cuatro-futbolistas-con-covid-positivo\/","title":{"rendered":"RACING ARRANC\u00d3 LA PRETEMPORADA CON CUATRO FUTBOLISTAS CON COVID POSITIVO"},"content":{"rendered":"\n<p>Cuatro futbolistas positivos de Covid y dos aislados por contacto estrecho. As\u00ed arranc\u00f3 la pretemporada de\u00a0<strong>Racing<\/strong>\u00a0en medio de la\u00a0ola de contagios de coronavirus\u00a0que complicar\u00e1 la vuelta a los entrenamientos de todos los clubes.<\/p>\n\n\n\n<p>El plantel que comanda Fernando Gago realiz\u00f3 la primera cesi\u00f3n de entrenamiento del 2022 y en los testeos previos hubo cuatro jugadores que dieron positivo:\u00a0<strong>Mat\u00edas N\u00fa\u00f1ez, Javier Correa y Carlos Alcaraz<\/strong>. Por otro lado,\u00a0<strong>Mat\u00edas Tagliamonte<\/strong>\u00a0hab\u00eda dado positivo la semana pasada y se reincorporar\u00e1 el pr\u00f3ximo jueves.<\/p>\n\n\n\n<p>Tambi\u00e9n dio positivo&nbsp;<strong>Federico Ins\u00faa<\/strong>, el principal ayudante de campo de Fernando Gago.<\/p>\n\n\n\n<p>Adem\u00e1s, Eugenio Mena e Imanol Segovia se encuentran\u00a0<strong>aislados por ser contacto estrecho\u00a0<\/strong>y se espera que puedan sumarse antes del final de la semana.<\/p>\n\n\n\n<p>La Academia har\u00e1 su pretemporada en el predio de la AFA, en Ezeiza, y no participar\u00e1 de ning\u00fan torneo de verano. Habr\u00e1 amistosos luego de la etapa m\u00e1s fuerte de la preparaci\u00f3n.<\/p>\n\n\n\n<h3 class=\"wp-block-heading\">Los refuerzos de Racing<\/h3>\n\n\n\n<p><strong>Gabriel Hauche<\/strong>: el delantero de 35 a\u00f1os firm\u00f3 hasta diciembre de 2023. Ser\u00e1 su tercer ciclo en Racing.<\/p>\n\n\n\n<p><strong>Facundo Mura<\/strong>: el lateral derecho firmar\u00e1 hoy su contrato hasta finales de 2024 luego de la revisi\u00f3n m\u00e9dica. Iba a llegar a pr\u00e9stamo con una opci\u00f3n de compra, pero finalmente ser\u00e1 a cambio de una cifra cercana al mill\u00f3n de d\u00f3lares por el 50 por ciento del pase.<\/p>\n","protected":false},"excerpt":{"rendered":"<p>La Academia realiz\u00f3 los primeros testeos del a\u00f1o y varios jugadores del plantel no pudieron entrenar.<\/p>\n","protected":false},"author":2,"featured_media":29236,"comment_status":"open","ping_status":"open","sticky":false,"template":"","format":"standard","meta":{"om_disable_all_campaigns":false,"_monsterinsights_skip_tracking":false,"_monsterinsights_sitenote_active":false,"_monsterinsights_sitenote_note":"","_monsterinsights_sitenote_category":0,"_uf_show_specific_survey":0,"_uf_disable_surveys":false,"jetpack_post_was_ever_published":false,"_jetpack_newsletter_access":"","_jetpack_dont_email_post_to_subs":false,"_jetpack_newsletter_tier_id":0,"_jetpack_memberships_contains_paywalled_content":false,"_jetpack_memberships_contains_paid_content":false,"footnotes":"","jetpack_publicize_message":"","jetpack_publicize_feature_enabled":true,"jetpack_social_post_already_shared":false,"jetpack_social_options":{"image_generator_settings":{"template":"highway","default_image_id":0,"font":"","enabled":false},"version":2}},"categories":[6],"tags":[],"class_list":["post-32204","post","type-post","status-publish","format-standard","has-post-thumbnail","hentry","category-deportes"],"aioseo_notices":[],"views":8,"jetpack_publicize_connections":[],"jetpack_featured_media_url":"https:\/\/i0.wp.com\/elterritorialweb.com.ar\/web\/wp-content\/uploads\/2021\/10\/GAGO-EN-RACING.jpg?fit=680%2C454&ssl=1","jetpack_sharing_enabled":true,"_links":{"self":[{"href":"https:\/\/elterritorialweb.com.ar\/web\/wp-json\/wp\/v2\/posts\/32204","targetHints":{"allow":["GET"]}}],"collection":[{"href":"https:\/\/elterritorialweb.com.ar\/web\/wp-json\/wp\/v2\/posts"}],"about":[{"href":"https:\/\/elterritorialweb.com.ar\/web\/wp-json\/wp\/v2\/types\/post"}],"author":[{"embeddable":true,"href":"https:\/\/elterritorialweb.com.ar\/web\/wp-json\/wp\/v2\/users\/2"}],"replies":[{"embeddable":true,"href":"https:\/\/elterritorialweb.com.ar\/web\/wp-json\/wp\/v2\/comments?post=32204"}],"version-history":[{"count":1,"href":"https:\/\/elterritorialweb.com.ar\/web\/wp-json\/wp\/v2\/posts\/32204\/revisions"}],"predecessor-version":[{"id":32205,"href":"https:\/\/elterritorialweb.com.ar\/web\/wp-json\/wp\/v2\/posts\/32204\/revisions\/32205"}],"wp:featuredmedia":[{"embeddable":true,"href":"https:\/\/elterritorialweb.com.ar\/web\/wp-json\/wp\/v2\/media\/29236"}],"wp:attachment":[{"href":"https:\/\/elterritorialweb.com.ar\/web\/wp-json\/wp\/v2\/media?parent=32204"}],"wp:term":[{"taxonomy":"category","embeddable":true,"href":"https:\/\/elterritorialweb.com.ar\/web\/wp-json\/wp\/v2\/categories?post=32204"},{"taxonomy":"post_tag","embeddable":true,"href":"https:\/\/elterritorialweb.com.ar\/web\/wp-json\/wp\/v2\/tags?post=32204"}],"curies":[{"name":"wp","href":"https:\/\/api.w.org\/{rel}","templated":true}]}}