{"id":32210,"date":"2022-01-03T15:08:18","date_gmt":"2022-01-03T15:08:18","guid":{"rendered":"http:\/\/elterritorialweb.com.ar\/web\/?p=32210"},"modified":"2022-01-03T15:08:19","modified_gmt":"2022-01-03T15:08:19","slug":"internaron-de-urgencia-a-jair-bolsonaro-y-fue-sometido-a-examenes","status":"publish","type":"post","link":"https:\/\/elterritorialweb.com.ar\/web\/internaron-de-urgencia-a-jair-bolsonaro-y-fue-sometido-a-examenes\/","title":{"rendered":"INTERNARON DE URGENCIA A JAIR BOLSONARO Y FUE SOMETIDO A EXAMENES"},"content":{"rendered":"\n<p>El presidente de Brasil, Jair Bolsonaro, fue internado de urgencia en la madrugada del lunes en la ciudad de San Pablo para ser sometido a ex\u00e1menes ante una posible obstrucci\u00f3n intestinal y por el momento no tiene previsi\u00f3n de alta, aunque su estado fue calificado de \u00abestable\u00bb, seg\u00fan inform\u00f3 el parte m\u00e9dico.<\/p>\n\n\n\n<p>\u00abEl presidente Jair Messias Bolsonaro ingres\u00f3 en la unidad a la madrugada de este lunes debido a un cuadro de suboclusi\u00f3n intestinal. Est\u00e1 estable, en tratamiento y ser\u00e1 evaluado durante la ma\u00f1ana. Por el momento, sin previsi\u00f3n de alta\u00bb,&nbsp;<strong>dice el comunicado del hospital privado Vila Nota Star enviado a T\u00e9lam.<\/strong><\/p>\n\n\n\n<p>Anteriormente se hab\u00eda manifestado brevemente en mensaje a los medios la Secretar\u00eda de Comunicaci\u00f3n del Gobierno y uno de los m\u00e9dicos del jefe del Estado.<\/p>\n\n\n\n<p>\u00abLa Secretar\u00eda de Comunicaci\u00f3n del gobierno informa que el presidente se encuentra bien y que m\u00e1s detalles ser\u00e1n divulgados posteriormente, cuando se actualice el parte m\u00e9dico\u00bb, report\u00f3 un mensaje divulgado a la prensa por el Palacio del Planalto.<\/p>\n\n\n\n<figure class=\"wp-block-embed is-type-rich is-provider-twitter wp-block-embed-twitter\"><div class=\"wp-block-embed__wrapper\">\n<blockquote class=\"twitter-tweet\" data-width=\"550\" data-dnt=\"true\"><p lang=\"pt\" dir=\"ltr\">&#8211; Comecei a passar mal ap\u00f3s o almo\u00e7o de domingo.<br>&#8211; Cheguei ao hospital \u00e0s 03h00 de hoje.<br>&#8211; Me colocaram sonda nasog\u00e1strica.<br>&#8211; Mais exames ser\u00e3o feitos para poss\u00edvel cirurgia de obstru\u00e7\u00e3o interna na regi\u00e3o abdominal. <a href=\"https:\/\/t.co\/NPgv6HwoHj\">pic.twitter.com\/NPgv6HwoHj<\/a><\/p>&mdash; Jair M. Bolsonaro (@jairbolsonaro) <a href=\"https:\/\/twitter.com\/jairbolsonaro\/status\/1477979938896715780?ref_src=twsrc%5Etfw\">January 3, 2022<\/a><\/blockquote><script async src=\"https:\/\/platform.twitter.com\/widgets.js\" charset=\"utf-8\"><\/script>\n<\/div><\/figure>\n","protected":false},"excerpt":{"rendered":"<p>El presidente de Brasil tuvo que ser trasladado desde Santa Catarina hasta San Pablo para ser hospitalizado \u00abdebido a un cuadro de suboclusi\u00f3n intestinal. Est\u00e1 estable, en tratamiento y ser\u00e1 evaluado durante la ma\u00f1ana.\u00bb, precis\u00f3 el parte m\u00e9dico.<\/p>\n","protected":false},"author":2,"featured_media":32211,"comment_status":"open","ping_status":"open","sticky":false,"template":"","format":"standard","meta":{"om_disable_all_campaigns":false,"_monsterinsights_skip_tracking":false,"_monsterinsights_sitenote_active":false,"_monsterinsights_sitenote_note":"","_monsterinsights_sitenote_category":0,"_uf_show_specific_survey":0,"_uf_disable_surveys":false,"jetpack_post_was_ever_published":false,"_jetpack_newsletter_access":"","_jetpack_dont_email_post_to_subs":false,"_jetpack_newsletter_tier_id":0,"_jetpack_memberships_contains_paywalled_content":false,"_jetpack_memberships_contains_paid_content":false,"footnotes":"","jetpack_publicize_message":"","jetpack_publicize_feature_enabled":true,"jetpack_social_post_already_shared":false,"jetpack_social_options":{"image_generator_settings":{"template":"highway","default_image_id":0,"font":"","enabled":false},"version":2}},"categories":[10],"tags":[],"class_list":["post-32210","post","type-post","status-publish","format-standard","has-post-thumbnail","hentry","category-internacionales"],"aioseo_notices":[],"views":11,"jetpack_publicize_connections":[],"jetpack_featured_media_url":"https:\/\/i0.wp.com\/elterritorialweb.com.ar\/web\/wp-content\/uploads\/2022\/01\/FILW60LXMAcyU4B.jpeg?fit=680%2C680&ssl=1","jetpack_sharing_enabled":true,"_links":{"self":[{"href":"https:\/\/elterritorialweb.com.ar\/web\/wp-json\/wp\/v2\/posts\/32210","targetHints":{"allow":["GET"]}}],"collection":[{"href":"https:\/\/elterritorialweb.com.ar\/web\/wp-json\/wp\/v2\/posts"}],"about":[{"href":"https:\/\/elterritorialweb.com.ar\/web\/wp-json\/wp\/v2\/types\/post"}],"author":[{"embeddable":true,"href":"https:\/\/elterritorialweb.com.ar\/web\/wp-json\/wp\/v2\/users\/2"}],"replies":[{"embeddable":true,"href":"https:\/\/elterritorialweb.com.ar\/web\/wp-json\/wp\/v2\/comments?post=32210"}],"version-history":[{"count":1,"href":"https:\/\/elterritorialweb.com.ar\/web\/wp-json\/wp\/v2\/posts\/32210\/revisions"}],"predecessor-version":[{"id":32212,"href":"https:\/\/elterritorialweb.com.ar\/web\/wp-json\/wp\/v2\/posts\/32210\/revisions\/32212"}],"wp:featuredmedia":[{"embeddable":true,"href":"https:\/\/elterritorialweb.com.ar\/web\/wp-json\/wp\/v2\/media\/32211"}],"wp:attachment":[{"href":"https:\/\/elterritorialweb.com.ar\/web\/wp-json\/wp\/v2\/media?parent=32210"}],"wp:term":[{"taxonomy":"category","embeddable":true,"href":"https:\/\/elterritorialweb.com.ar\/web\/wp-json\/wp\/v2\/categories?post=32210"},{"taxonomy":"post_tag","embeddable":true,"href":"https:\/\/elterritorialweb.com.ar\/web\/wp-json\/wp\/v2\/tags?post=32210"}],"curies":[{"name":"wp","href":"https:\/\/api.w.org\/{rel}","templated":true}]}}