{"id":32213,"date":"2022-01-03T17:57:12","date_gmt":"2022-01-03T17:57:12","guid":{"rendered":"http:\/\/elterritorialweb.com.ar\/web\/?p=32213"},"modified":"2022-01-03T17:57:13","modified_gmt":"2022-01-03T17:57:13","slug":"inicia-el-programa-vive-en-la-banda-verano-sano","status":"publish","type":"post","link":"https:\/\/elterritorialweb.com.ar\/web\/inicia-el-programa-vive-en-la-banda-verano-sano\/","title":{"rendered":"INICIA EL PROGRAMA \u00abVIVE EN LA BANDA VERANO SANO\u00bb"},"content":{"rendered":"\n<p><br>El jefe comunal dijo que, \u201cel programa municipal tiene como objetivo promover encuentros de participaci\u00f3n y contenci\u00f3n, potenciando las habilidades, y capacidades de las juventudes acompa\u00f1ados de su familia\u201d.<br>Seg\u00fan explic\u00f3, Florencia Ledesma, responsable del \u00e1rea, \u201ceste programa busca fortalecer la vida saludable, promoviendo el arte y la cultura de nuestra ciudad. Adem\u00e1s, es una de las estaciones m\u00e1s esperadas por los j\u00f3venes\u201d.<br>\u201cEs importante destacar que vamos a tener estaciones de prevenci\u00f3n, con el cuidado de la salud, primeros auxilios, educaci\u00f3n sexual integral y educaci\u00f3n vial. A su vez trabajaremos con los boliches para promover el conductor responsable y prevenir accidentes de tr\u00e1nsito\u201d, explic\u00f3 Ledesma.<br>Los talleres inician este jueves 6 de enero con el Talles de Danzas Folcl\u00f3ricas Argentinas, que se dictar\u00e1 para mayores de 12 a\u00f1os en la Plaza Belgrano de 20 a 22 horas. Los interesados pueden inscribirse enviando un WhatsApp al 3856272317.<br>El taller de maquillaje, destinado desde los 18 a\u00f1os, con el fin educativo, de 19 a 21 los martes y jueves en la Oficina de Empleo, ubicada en S\u00e1enz Pe\u00f1a N\u00ba 54. Para inscribirse pueden ingresar al link https:\/\/forms.gle\/61vcHwA2wc2RtANy9<br>Taller de manualidades, cuidando el medio ambiente destinado para ni\u00f1os\/as. De 7 a\u00f1os a 12 a\u00f1os. Se dictar\u00e1 en el Gimnasio Municipal de 10 A 12, los martes y jueves. Los padres pueden inscribir a sus ni\u00f1os escribiendo al m\u00f3vil 385 6881564, los cupos son limitados.<br>Asimismo, desde la pr\u00f3xima semana se desarrollaran los campeonatos de futbol femenino, de v\u00f3ley mixto para disfrutar del deporte durante este verano bande\u00f1o.<\/p>\n","protected":false},"excerpt":{"rendered":"<p>El intendente Pablo Mirolo junto a la Direcci\u00f3n de la Juventud dependiente de la Secretaria de Desarrollo Humano lanz\u00f3 por cuarto a\u00f1o consecutivo en la ciudad de La Banda, el programa \u201cVive en La Banda verano sano\u201d.<\/p>\n","protected":false},"author":2,"featured_media":32214,"comment_status":"open","ping_status":"open","sticky":false,"template":"","format":"standard","meta":{"om_disable_all_campaigns":false,"_monsterinsights_skip_tracking":false,"_monsterinsights_sitenote_active":false,"_monsterinsights_sitenote_note":"","_monsterinsights_sitenote_category":0,"_uf_show_specific_survey":0,"_uf_disable_surveys":false,"jetpack_post_was_ever_published":false,"_jetpack_newsletter_access":"","_jetpack_dont_email_post_to_subs":false,"_jetpack_newsletter_tier_id":0,"_jetpack_memberships_contains_paywalled_content":false,"_jetpack_memberships_contains_paid_content":false,"footnotes":"","jetpack_publicize_message":"","jetpack_publicize_feature_enabled":true,"jetpack_social_post_already_shared":false,"jetpack_social_options":{"image_generator_settings":{"template":"highway","default_image_id":0,"font":"","enabled":false},"version":2}},"categories":[21],"tags":[],"class_list":["post-32213","post","type-post","status-publish","format-standard","has-post-thumbnail","hentry","category-locales"],"aioseo_notices":[],"views":5,"jetpack_publicize_connections":[],"jetpack_featured_media_url":"https:\/\/i0.wp.com\/elterritorialweb.com.ar\/web\/wp-content\/uploads\/2022\/01\/IMG-20220103-WA0010.jpg?fit=1280%2C720&ssl=1","jetpack_sharing_enabled":true,"_links":{"self":[{"href":"https:\/\/elterritorialweb.com.ar\/web\/wp-json\/wp\/v2\/posts\/32213","targetHints":{"allow":["GET"]}}],"collection":[{"href":"https:\/\/elterritorialweb.com.ar\/web\/wp-json\/wp\/v2\/posts"}],"about":[{"href":"https:\/\/elterritorialweb.com.ar\/web\/wp-json\/wp\/v2\/types\/post"}],"author":[{"embeddable":true,"href":"https:\/\/elterritorialweb.com.ar\/web\/wp-json\/wp\/v2\/users\/2"}],"replies":[{"embeddable":true,"href":"https:\/\/elterritorialweb.com.ar\/web\/wp-json\/wp\/v2\/comments?post=32213"}],"version-history":[{"count":1,"href":"https:\/\/elterritorialweb.com.ar\/web\/wp-json\/wp\/v2\/posts\/32213\/revisions"}],"predecessor-version":[{"id":32215,"href":"https:\/\/elterritorialweb.com.ar\/web\/wp-json\/wp\/v2\/posts\/32213\/revisions\/32215"}],"wp:featuredmedia":[{"embeddable":true,"href":"https:\/\/elterritorialweb.com.ar\/web\/wp-json\/wp\/v2\/media\/32214"}],"wp:attachment":[{"href":"https:\/\/elterritorialweb.com.ar\/web\/wp-json\/wp\/v2\/media?parent=32213"}],"wp:term":[{"taxonomy":"category","embeddable":true,"href":"https:\/\/elterritorialweb.com.ar\/web\/wp-json\/wp\/v2\/categories?post=32213"},{"taxonomy":"post_tag","embeddable":true,"href":"https:\/\/elterritorialweb.com.ar\/web\/wp-json\/wp\/v2\/tags?post=32213"}],"curies":[{"name":"wp","href":"https:\/\/api.w.org\/{rel}","templated":true}]}}