{"id":32216,"date":"2022-01-03T18:03:44","date_gmt":"2022-01-03T18:03:44","guid":{"rendered":"http:\/\/elterritorialweb.com.ar\/web\/?p=32216"},"modified":"2022-01-03T18:03:45","modified_gmt":"2022-01-03T18:03:45","slug":"la-banda-continuan-con-el-servicio-de-recoleccion-diferencial-para-personas-aisladas-por-covid","status":"publish","type":"post","link":"https:\/\/elterritorialweb.com.ar\/web\/la-banda-continuan-con-el-servicio-de-recoleccion-diferencial-para-personas-aisladas-por-covid\/","title":{"rendered":"LA BANDA: CONTIN\u00daAN CON EL SERVICIO DE RECOLECCI\u00d3N DIFERENCIAL PARA PERSONAS AISLADAS POR COVID"},"content":{"rendered":"\n<p>En este sentido, cabe recordar que estas actividades se realizan en el marco de campa\u00f1as municipales que promueven la limpieza e higiene de lugares p\u00fablicos y privados, las cuales tienen como fin evitar la proliferaci\u00f3n de alima\u00f1as e insectos, como as\u00ed tambi\u00e9n, la erradicaci\u00f3n del mosquitos, y sobre todo el vector del dengue, por lo que se erradican focos infecciosos como basurales, se fumiga y desmaleza.<br>Asimismo, el cronograma de fumigaci\u00f3n comienza el lunes 3 en los barrios: Constituci\u00f3n, 25 de Mayo (300\/36\/100 viviendas), Independencia, Tabique, Los Naranjos, Villa Raquel, Mama Antula y Las Moras.<br>El martes 4, se rociar\u00e1 los sectores del Villa Griselda, Villa In\u00e9s, San Juan, Villa Suaya, Matadero, El Tuscal, La Isla, R\u00edo Dulce y 17 de Octubre.<br>El mi\u00e9rcoles 5, las tareas de fumigaci\u00f3n se realizar\u00e1n en El Rinc\u00f3n, Procrear, Ampliaci\u00f3n Primero de Mayo, El Polear, La Bajada, San Martin Norte y Sur.<br>El jueves 6, los barrios El Remanso, San Carlos. Las Mercedes, Villa Uni\u00f3n, Salido, Ampliaci\u00f3n Gorrini, Parque, Palermo, Besares y Libertador.<br>Finalmente el viernes 7, se fumigar\u00e1 en los barrios Miski Mayu, Parque Industrial, Fraternidad, Finca de Ramos, El Bosque, Uni\u00f3n Ferroviaria y Santa Clara.<\/p>\n","protected":false},"excerpt":{"rendered":"<p>La Secretar\u00eda de Servicios P\u00fablicos de la Municipalidad de La Banda, dio a conocer el cronograma de fumigaciones que se desarrollara en diferentes barrios de la ciudad, durante la semana del 3 al 7 de enero.<\/p>\n","protected":false},"author":2,"featured_media":32217,"comment_status":"open","ping_status":"open","sticky":false,"template":"","format":"standard","meta":{"om_disable_all_campaigns":false,"_monsterinsights_skip_tracking":false,"_monsterinsights_sitenote_active":false,"_monsterinsights_sitenote_note":"","_monsterinsights_sitenote_category":0,"_uf_show_specific_survey":0,"_uf_disable_surveys":false,"jetpack_post_was_ever_published":false,"_jetpack_newsletter_access":"","_jetpack_dont_email_post_to_subs":false,"_jetpack_newsletter_tier_id":0,"_jetpack_memberships_contains_paywalled_content":false,"_jetpack_memberships_contains_paid_content":false,"footnotes":"","jetpack_publicize_message":"","jetpack_publicize_feature_enabled":true,"jetpack_social_post_already_shared":false,"jetpack_social_options":{"image_generator_settings":{"template":"highway","default_image_id":0,"font":"","enabled":false},"version":2}},"categories":[21],"tags":[],"class_list":["post-32216","post","type-post","status-publish","format-standard","has-post-thumbnail","hentry","category-locales"],"aioseo_notices":[],"views":8,"jetpack_publicize_connections":[],"jetpack_featured_media_url":"https:\/\/i0.wp.com\/elterritorialweb.com.ar\/web\/wp-content\/uploads\/2022\/01\/IMG-20220103-WA0013.jpg?fit=630%2C408&ssl=1","jetpack_sharing_enabled":true,"_links":{"self":[{"href":"https:\/\/elterritorialweb.com.ar\/web\/wp-json\/wp\/v2\/posts\/32216","targetHints":{"allow":["GET"]}}],"collection":[{"href":"https:\/\/elterritorialweb.com.ar\/web\/wp-json\/wp\/v2\/posts"}],"about":[{"href":"https:\/\/elterritorialweb.com.ar\/web\/wp-json\/wp\/v2\/types\/post"}],"author":[{"embeddable":true,"href":"https:\/\/elterritorialweb.com.ar\/web\/wp-json\/wp\/v2\/users\/2"}],"replies":[{"embeddable":true,"href":"https:\/\/elterritorialweb.com.ar\/web\/wp-json\/wp\/v2\/comments?post=32216"}],"version-history":[{"count":1,"href":"https:\/\/elterritorialweb.com.ar\/web\/wp-json\/wp\/v2\/posts\/32216\/revisions"}],"predecessor-version":[{"id":32218,"href":"https:\/\/elterritorialweb.com.ar\/web\/wp-json\/wp\/v2\/posts\/32216\/revisions\/32218"}],"wp:featuredmedia":[{"embeddable":true,"href":"https:\/\/elterritorialweb.com.ar\/web\/wp-json\/wp\/v2\/media\/32217"}],"wp:attachment":[{"href":"https:\/\/elterritorialweb.com.ar\/web\/wp-json\/wp\/v2\/media?parent=32216"}],"wp:term":[{"taxonomy":"category","embeddable":true,"href":"https:\/\/elterritorialweb.com.ar\/web\/wp-json\/wp\/v2\/categories?post=32216"},{"taxonomy":"post_tag","embeddable":true,"href":"https:\/\/elterritorialweb.com.ar\/web\/wp-json\/wp\/v2\/tags?post=32216"}],"curies":[{"name":"wp","href":"https:\/\/api.w.org\/{rel}","templated":true}]}}