{"id":32219,"date":"2022-01-03T18:13:03","date_gmt":"2022-01-03T18:13:03","guid":{"rendered":"http:\/\/elterritorialweb.com.ar\/web\/?p=32219"},"modified":"2022-01-03T18:13:03","modified_gmt":"2022-01-03T18:13:03","slug":"reprograman-el-certamen-pre-salamanca-2022","status":"publish","type":"post","link":"https:\/\/elterritorialweb.com.ar\/web\/reprograman-el-certamen-pre-salamanca-2022\/","title":{"rendered":"REPROGRAMAN EL CERTAMEN PRE SALAMANCA 2022"},"content":{"rendered":"\n<p>En este sentido, desde la Subsecretar\u00eda de Educaci\u00f3n y Cultura de la Municipalidad de La Banda, hicieron hincapi\u00e9 en la importancia de dicha decisi\u00f3n para preservar la salud de los artistas, de las personas que trabajan en la realizaci\u00f3n y de todo el p\u00fablico en general.<br>Por ello, las visitas tanto a la ciudad de A\u00f1atuya, como as\u00ed tambi\u00e9n a las dem\u00e1s localidades que ser\u00edan sede de este certamen, quedar\u00e1n moment\u00e1neamente suspendidas, por las razones ya mencionadas.<br>Cabe destacar, que la continuidad del mismo, est\u00e1 siendo evaluada por el comit\u00e9, decisi\u00f3n que ser\u00e1 informada en las pr\u00f3ximas semanas para realizarse en la \u00abCuna de Poetas y cantores\u00bb.<\/p>\n","protected":false},"excerpt":{"rendered":"<p>La Comisi\u00f3n Organizadora del Festival Nacional de la Salamanca 2022, informa a la comunidad, la reprogramacion del certamen Pre Salamanca 2022, por razones del incremento de casos de Covid-19.<\/p>\n","protected":false},"author":2,"featured_media":32220,"comment_status":"open","ping_status":"open","sticky":false,"template":"","format":"standard","meta":{"om_disable_all_campaigns":false,"_monsterinsights_skip_tracking":false,"_monsterinsights_sitenote_active":false,"_monsterinsights_sitenote_note":"","_monsterinsights_sitenote_category":0,"_uf_show_specific_survey":0,"_uf_disable_surveys":false,"jetpack_post_was_ever_published":false,"_jetpack_newsletter_access":"","_jetpack_dont_email_post_to_subs":false,"_jetpack_newsletter_tier_id":0,"_jetpack_memberships_contains_paywalled_content":false,"_jetpack_memberships_contains_paid_content":false,"footnotes":"","jetpack_publicize_message":"","jetpack_publicize_feature_enabled":true,"jetpack_social_post_already_shared":false,"jetpack_social_options":{"image_generator_settings":{"template":"highway","default_image_id":0,"font":"","enabled":false},"version":2}},"categories":[20],"tags":[],"class_list":["post-32219","post","type-post","status-publish","format-standard","has-post-thumbnail","hentry","category-especysociales"],"aioseo_notices":[],"views":18,"jetpack_publicize_connections":[],"jetpack_featured_media_url":"https:\/\/i0.wp.com\/elterritorialweb.com.ar\/web\/wp-content\/uploads\/2022\/01\/IMG-20220103-WA0012.jpg?fit=1280%2C827&ssl=1","jetpack_sharing_enabled":true,"_links":{"self":[{"href":"https:\/\/elterritorialweb.com.ar\/web\/wp-json\/wp\/v2\/posts\/32219","targetHints":{"allow":["GET"]}}],"collection":[{"href":"https:\/\/elterritorialweb.com.ar\/web\/wp-json\/wp\/v2\/posts"}],"about":[{"href":"https:\/\/elterritorialweb.com.ar\/web\/wp-json\/wp\/v2\/types\/post"}],"author":[{"embeddable":true,"href":"https:\/\/elterritorialweb.com.ar\/web\/wp-json\/wp\/v2\/users\/2"}],"replies":[{"embeddable":true,"href":"https:\/\/elterritorialweb.com.ar\/web\/wp-json\/wp\/v2\/comments?post=32219"}],"version-history":[{"count":1,"href":"https:\/\/elterritorialweb.com.ar\/web\/wp-json\/wp\/v2\/posts\/32219\/revisions"}],"predecessor-version":[{"id":32221,"href":"https:\/\/elterritorialweb.com.ar\/web\/wp-json\/wp\/v2\/posts\/32219\/revisions\/32221"}],"wp:featuredmedia":[{"embeddable":true,"href":"https:\/\/elterritorialweb.com.ar\/web\/wp-json\/wp\/v2\/media\/32220"}],"wp:attachment":[{"href":"https:\/\/elterritorialweb.com.ar\/web\/wp-json\/wp\/v2\/media?parent=32219"}],"wp:term":[{"taxonomy":"category","embeddable":true,"href":"https:\/\/elterritorialweb.com.ar\/web\/wp-json\/wp\/v2\/categories?post=32219"},{"taxonomy":"post_tag","embeddable":true,"href":"https:\/\/elterritorialweb.com.ar\/web\/wp-json\/wp\/v2\/tags?post=32219"}],"curies":[{"name":"wp","href":"https:\/\/api.w.org\/{rel}","templated":true}]}}