{"id":32227,"date":"2022-01-03T18:31:46","date_gmt":"2022-01-03T18:31:46","guid":{"rendered":"http:\/\/elterritorialweb.com.ar\/web\/?p=32227"},"modified":"2022-01-03T21:34:32","modified_gmt":"2022-01-03T21:34:32","slug":"suspenden-el-festival-de-la-tradicion-en-anatuya","status":"publish","type":"post","link":"https:\/\/elterritorialweb.com.ar\/web\/suspenden-el-festival-de-la-tradicion-en-anatuya\/","title":{"rendered":"SUSPENDEN EL FESTIVAL DE LA TRADICI\u00d3N EN A\u00d1ATUYA"},"content":{"rendered":"\n<p>Desde la organizaci\u00f3n del&nbsp;<strong>Festival Santiague\u00f1o de la Tradici\u00f3n \u201cCiudad de A\u00f1atuya\u201d<\/strong>, informaron a toda la comunidad que, luego de la ola de contagios de las ultimas semanas, decidieron postergar la edici\u00f3n 2022 prevista para los d\u00edas 7, 8 y 9 de enero y todas las dem\u00e1s actividades previas al festival.<\/p>\n\n\n\n<p>La decisi\u00f3n, agregaron, se toma ante la imperiosa responsabilidad de preservar la salud de todas las personas afectadas a la organizaci\u00f3n, artistas, comerciantes, artesanos y publico en general. Se hace saber que dicha edici\u00f3n se concretar\u00e1 cuando las condiciones sanitarias est\u00e9n aptas.<\/p>\n\n\n\n<p>Desde la organizaci\u00f3n del&nbsp;<strong>Festival Santiague\u00f1o de la Tradici\u00f3n \u201cCiudad de A\u00f1atuya\u201d<\/strong>, informaron a toda la comunidad que, luego de la ola de contagios de las ultimas semanas, decidieron postergar la edici\u00f3n 2022 prevista para los d\u00edas 7, 8 y 9 de enero y todas las dem\u00e1s actividades previas al festival.<\/p>\n\n\n\n<p>La decisi\u00f3n, agregaron, se toma ante la imperiosa responsabilidad de preservar la salud de todas las personas afectadas a la organizaci\u00f3n, artistas, comerciantes, artesanos y publico en general. Se hace saber que dicha edici\u00f3n se concretar\u00e1 cuando las condiciones sanitarias est\u00e9n aptas.<\/p>\n\n\n\n<figure class=\"wp-block-image size-large\"><a href=\"https:\/\/i0.wp.com\/elterritorialweb.com.ar\/web\/wp-content\/uploads\/2022\/01\/IMG-20220103-WA0015.jpg\"><img data-recalc-dims=\"1\" decoding=\"async\" width=\"640\" height=\"640\" data-src=\"https:\/\/i0.wp.com\/elterritorialweb.com.ar\/web\/wp-content\/uploads\/2022\/01\/IMG-20220103-WA0015.jpg?resize=640%2C640\" alt=\"\" class=\"wp-image-32238 lazyload\" data-srcset=\"https:\/\/i0.wp.com\/elterritorialweb.com.ar\/web\/wp-content\/uploads\/2022\/01\/IMG-20220103-WA0015.jpg?resize=1024%2C1024&amp;ssl=1 1024w, https:\/\/i0.wp.com\/elterritorialweb.com.ar\/web\/wp-content\/uploads\/2022\/01\/IMG-20220103-WA0015.jpg?resize=300%2C300&amp;ssl=1 300w, https:\/\/i0.wp.com\/elterritorialweb.com.ar\/web\/wp-content\/uploads\/2022\/01\/IMG-20220103-WA0015.jpg?resize=150%2C150&amp;ssl=1 150w, https:\/\/i0.wp.com\/elterritorialweb.com.ar\/web\/wp-content\/uploads\/2022\/01\/IMG-20220103-WA0015.jpg?resize=768%2C768&amp;ssl=1 768w, https:\/\/i0.wp.com\/elterritorialweb.com.ar\/web\/wp-content\/uploads\/2022\/01\/IMG-20220103-WA0015.jpg?w=1080&amp;ssl=1 1080w\" data-sizes=\"(max-width: 640px) 100vw, 640px\" src=\"data:image\/svg+xml;base64,PHN2ZyB3aWR0aD0iMSIgaGVpZ2h0PSIxIiB4bWxucz0iaHR0cDovL3d3dy53My5vcmcvMjAwMC9zdmciPjwvc3ZnPg==\" style=\"--smush-placeholder-width: 640px; --smush-placeholder-aspect-ratio: 640\/640;\" \/><\/a><\/figure>\n","protected":false},"excerpt":{"rendered":"<p>Debido a la ola de contagios de las ultimas semanas en la provincia, la organizaci\u00f3n decidi\u00f3 suspender el festival.<\/p>\n","protected":false},"author":2,"featured_media":32228,"comment_status":"open","ping_status":"open","sticky":false,"template":"","format":"standard","meta":{"om_disable_all_campaigns":false,"_monsterinsights_skip_tracking":false,"_monsterinsights_sitenote_active":false,"_monsterinsights_sitenote_note":"","_monsterinsights_sitenote_category":0,"_uf_show_specific_survey":0,"_uf_disable_surveys":false,"jetpack_post_was_ever_published":false,"_jetpack_newsletter_access":"","_jetpack_dont_email_post_to_subs":false,"_jetpack_newsletter_tier_id":0,"_jetpack_memberships_contains_paywalled_content":false,"_jetpack_memberships_contains_paid_content":false,"footnotes":"","jetpack_publicize_message":"","jetpack_publicize_feature_enabled":true,"jetpack_social_post_already_shared":false,"jetpack_social_options":{"image_generator_settings":{"template":"highway","default_image_id":0,"font":"","enabled":false},"version":2}},"categories":[20],"tags":[],"class_list":["post-32227","post","type-post","status-publish","format-standard","has-post-thumbnail","hentry","category-especysociales"],"aioseo_notices":[],"views":9,"jetpack_publicize_connections":[],"jetpack_featured_media_url":"https:\/\/i0.wp.com\/elterritorialweb.com.ar\/web\/wp-content\/uploads\/2022\/01\/image_750x_5f7887a950b5b.jpg?fit=750%2C442&ssl=1","jetpack_sharing_enabled":true,"_links":{"self":[{"href":"https:\/\/elterritorialweb.com.ar\/web\/wp-json\/wp\/v2\/posts\/32227","targetHints":{"allow":["GET"]}}],"collection":[{"href":"https:\/\/elterritorialweb.com.ar\/web\/wp-json\/wp\/v2\/posts"}],"about":[{"href":"https:\/\/elterritorialweb.com.ar\/web\/wp-json\/wp\/v2\/types\/post"}],"author":[{"embeddable":true,"href":"https:\/\/elterritorialweb.com.ar\/web\/wp-json\/wp\/v2\/users\/2"}],"replies":[{"embeddable":true,"href":"https:\/\/elterritorialweb.com.ar\/web\/wp-json\/wp\/v2\/comments?post=32227"}],"version-history":[{"count":2,"href":"https:\/\/elterritorialweb.com.ar\/web\/wp-json\/wp\/v2\/posts\/32227\/revisions"}],"predecessor-version":[{"id":32240,"href":"https:\/\/elterritorialweb.com.ar\/web\/wp-json\/wp\/v2\/posts\/32227\/revisions\/32240"}],"wp:featuredmedia":[{"embeddable":true,"href":"https:\/\/elterritorialweb.com.ar\/web\/wp-json\/wp\/v2\/media\/32228"}],"wp:attachment":[{"href":"https:\/\/elterritorialweb.com.ar\/web\/wp-json\/wp\/v2\/media?parent=32227"}],"wp:term":[{"taxonomy":"category","embeddable":true,"href":"https:\/\/elterritorialweb.com.ar\/web\/wp-json\/wp\/v2\/categories?post=32227"},{"taxonomy":"post_tag","embeddable":true,"href":"https:\/\/elterritorialweb.com.ar\/web\/wp-json\/wp\/v2\/tags?post=32227"}],"curies":[{"name":"wp","href":"https:\/\/api.w.org\/{rel}","templated":true}]}}