{"id":32230,"date":"2022-01-03T21:24:58","date_gmt":"2022-01-03T21:24:58","guid":{"rendered":"http:\/\/elterritorialweb.com.ar\/web\/?p=32230"},"modified":"2022-01-03T21:25:25","modified_gmt":"2022-01-03T21:25:25","slug":"ocho-jugadores-de-boca-dieron-positivo-de-coronavirus","status":"publish","type":"post","link":"https:\/\/elterritorialweb.com.ar\/web\/ocho-jugadores-de-boca-dieron-positivo-de-coronavirus\/","title":{"rendered":"OCHO JUGADORES DE BOCA DIERON POSITIVO DE CORONAVIRUS"},"content":{"rendered":"\n<p>Ocho jugadores de&nbsp;<strong>Boca<\/strong>&nbsp;no pudieron incorporarse al inicio de la pretemporada en el predio de Ezeiza ya que&nbsp;<strong>dieron positivo de coronavirus<\/strong>&nbsp;en los testeos previos. A su vez, el entrenador Sebasti\u00e1n Battaglia y el defensor Frank Fabra presentaron s\u00edntomas compatibles con la enfermedad: el test r\u00e1pido dio negativo y aguardan por el PCR.<\/p>\n\n\n\n<p><strong>Cristan Pav\u00f3n<\/strong>,\u00a0<strong>Agust\u00edn Rossi<\/strong>,\u00a0<strong>Alan Varela<\/strong>,\u00a0<strong>Carlos Zambrano<\/strong>,\u00a0<strong>Gast\u00f3n \u00c1vila<\/strong>,\u00a0<strong>Marcelo Weigandt<\/strong>,\u00a0<strong>Rodrigo Montes\u00a0<\/strong>y<strong>\u00a0Eduardo Salvio<\/strong>\u00a0son los jugadores que deber\u00e1n estar aislados, mientras que el peruano Adv\u00edncula a\u00fan no regres\u00f3 de Europa y se reincorporar\u00e1n m\u00e1s tarde.<\/p>\n\n\n\n<figure class=\"wp-block-image size-large\"><a href=\"https:\/\/i0.wp.com\/elterritorialweb.com.ar\/web\/wp-content\/uploads\/2022\/01\/FINCbzgWUAwBZML.jpeg\"><img data-recalc-dims=\"1\" decoding=\"async\" width=\"640\" height=\"469\" data-src=\"https:\/\/i0.wp.com\/elterritorialweb.com.ar\/web\/wp-content\/uploads\/2022\/01\/FINCbzgWUAwBZML.jpeg?resize=640%2C469\" alt=\"\" class=\"wp-image-32233 lazyload\" data-srcset=\"https:\/\/i0.wp.com\/elterritorialweb.com.ar\/web\/wp-content\/uploads\/2022\/01\/FINCbzgWUAwBZML.jpeg?resize=1024%2C750&amp;ssl=1 1024w, https:\/\/i0.wp.com\/elterritorialweb.com.ar\/web\/wp-content\/uploads\/2022\/01\/FINCbzgWUAwBZML.jpeg?resize=300%2C220&amp;ssl=1 300w, https:\/\/i0.wp.com\/elterritorialweb.com.ar\/web\/wp-content\/uploads\/2022\/01\/FINCbzgWUAwBZML.jpeg?resize=768%2C562&amp;ssl=1 768w, https:\/\/i0.wp.com\/elterritorialweb.com.ar\/web\/wp-content\/uploads\/2022\/01\/FINCbzgWUAwBZML.jpeg?resize=1536%2C1124&amp;ssl=1 1536w, https:\/\/i0.wp.com\/elterritorialweb.com.ar\/web\/wp-content\/uploads\/2022\/01\/FINCbzgWUAwBZML.jpeg?w=2048&amp;ssl=1 2048w, https:\/\/i0.wp.com\/elterritorialweb.com.ar\/web\/wp-content\/uploads\/2022\/01\/FINCbzgWUAwBZML.jpeg?w=1280 1280w, https:\/\/i0.wp.com\/elterritorialweb.com.ar\/web\/wp-content\/uploads\/2022\/01\/FINCbzgWUAwBZML.jpeg?w=1920 1920w\" data-sizes=\"(max-width: 640px) 100vw, 640px\" src=\"data:image\/svg+xml;base64,PHN2ZyB3aWR0aD0iMSIgaGVpZ2h0PSIxIiB4bWxucz0iaHR0cDovL3d3dy53My5vcmcvMjAwMC9zdmciPjwvc3ZnPg==\" style=\"--smush-placeholder-width: 640px; --smush-placeholder-aspect-ratio: 640\/469;\" \/><\/a><\/figure>\n\n\n\n<p>M\u00e1s all\u00e1 de los testeos previos y particulares de cada jugador,<strong>&nbsp;el club har\u00e1 esta tarde los PCR correspondientes a cada futbolista para saber si hay otros contagiados<\/strong>, que tampoco podr\u00e1n arrancar la pretemporada.<\/p>\n\n\n\n<p>El f\u00fatbol argentino vive por estos d\u00edas una ola de COVID-19 que afecta a varios equipos: V\u00e9lez, Racing, Lan\u00fas, Platense y Aldosivi, son algunos de los clubes que informaron casos en sus planteles.<\/p>\n\n\n\n<p>sus planteles.<\/p>\n\n\n\n<h3 class=\"wp-block-heading\">A la espera por el resultado de los PCR de Sebasti\u00e1n Battaglia y Frank Fabra<\/h3>\n\n\n\n<p>Seg\u00fan informaron desde las redes oficiales de Boca,<strong>&nbsp;Battaglia y Fabra tambi\u00e9n presentaron s\u00edntomas<\/strong>&nbsp;compatibles con el coronavirus. El&nbsp;<strong>test r\u00e1pido arroj\u00f3 resultados negativos<\/strong>&nbsp;en ambos casos, aunque&nbsp;<strong>aguardan por el PCR<\/strong>.<\/p>\n\n\n\n<figure class=\"wp-block-image size-full\"><a href=\"https:\/\/i0.wp.com\/elterritorialweb.com.ar\/web\/wp-content\/uploads\/2022\/01\/SVDV4JJ7NZBNZBEPQ5ALZAWW5A.jpeg\"><img data-recalc-dims=\"1\" decoding=\"async\" width=\"640\" height=\"411\" data-src=\"https:\/\/i0.wp.com\/elterritorialweb.com.ar\/web\/wp-content\/uploads\/2022\/01\/SVDV4JJ7NZBNZBEPQ5ALZAWW5A.jpeg?resize=640%2C411\" alt=\"\" class=\"wp-image-32231 lazyload\" data-srcset=\"https:\/\/i0.wp.com\/elterritorialweb.com.ar\/web\/wp-content\/uploads\/2022\/01\/SVDV4JJ7NZBNZBEPQ5ALZAWW5A.jpeg?w=767&amp;ssl=1 767w, https:\/\/i0.wp.com\/elterritorialweb.com.ar\/web\/wp-content\/uploads\/2022\/01\/SVDV4JJ7NZBNZBEPQ5ALZAWW5A.jpeg?resize=300%2C193&amp;ssl=1 300w\" data-sizes=\"(max-width: 640px) 100vw, 640px\" src=\"data:image\/svg+xml;base64,PHN2ZyB3aWR0aD0iMSIgaGVpZ2h0PSIxIiB4bWxucz0iaHR0cDovL3d3dy53My5vcmcvMjAwMC9zdmciPjwvc3ZnPg==\" style=\"--smush-placeholder-width: 640px; --smush-placeholder-aspect-ratio: 640\/411;\" \/><\/a><\/figure>\n","protected":false},"excerpt":{"rendered":"<p>Cristan Pav\u00f3n, Agust\u00edn Rossi, Alan Varela, Carlos Zambrano, Gast\u00f3n \u00c1vila, Marcelo Weigandt, Rodrigo Montes y Eduardo Salvio est\u00e1n aislados. Aguardan el resultado del PCR del DT, que dio negativo en el test r\u00e1pido.<\/p>\n","protected":false},"author":2,"featured_media":32232,"comment_status":"open","ping_status":"open","sticky":false,"template":"","format":"standard","meta":{"om_disable_all_campaigns":false,"_monsterinsights_skip_tracking":false,"_monsterinsights_sitenote_active":false,"_monsterinsights_sitenote_note":"","_monsterinsights_sitenote_category":0,"_uf_show_specific_survey":0,"_uf_disable_surveys":false,"jetpack_post_was_ever_published":false,"_jetpack_newsletter_access":"","_jetpack_dont_email_post_to_subs":false,"_jetpack_newsletter_tier_id":0,"_jetpack_memberships_contains_paywalled_content":false,"_jetpack_memberships_contains_paid_content":false,"footnotes":"","jetpack_publicize_message":"","jetpack_publicize_feature_enabled":true,"jetpack_social_post_already_shared":false,"jetpack_social_options":{"image_generator_settings":{"template":"highway","default_image_id":0,"font":"","enabled":false},"version":2}},"categories":[6],"tags":[],"class_list":["post-32230","post","type-post","status-publish","format-standard","has-post-thumbnail","hentry","category-deportes"],"aioseo_notices":[],"views":9,"jetpack_publicize_connections":[],"jetpack_featured_media_url":"https:\/\/i0.wp.com\/elterritorialweb.com.ar\/web\/wp-content\/uploads\/2022\/01\/FINCbW5X0AEjsRB.jpeg?fit=2048%2C1367&ssl=1","jetpack_sharing_enabled":true,"_links":{"self":[{"href":"https:\/\/elterritorialweb.com.ar\/web\/wp-json\/wp\/v2\/posts\/32230","targetHints":{"allow":["GET"]}}],"collection":[{"href":"https:\/\/elterritorialweb.com.ar\/web\/wp-json\/wp\/v2\/posts"}],"about":[{"href":"https:\/\/elterritorialweb.com.ar\/web\/wp-json\/wp\/v2\/types\/post"}],"author":[{"embeddable":true,"href":"https:\/\/elterritorialweb.com.ar\/web\/wp-json\/wp\/v2\/users\/2"}],"replies":[{"embeddable":true,"href":"https:\/\/elterritorialweb.com.ar\/web\/wp-json\/wp\/v2\/comments?post=32230"}],"version-history":[{"count":1,"href":"https:\/\/elterritorialweb.com.ar\/web\/wp-json\/wp\/v2\/posts\/32230\/revisions"}],"predecessor-version":[{"id":32234,"href":"https:\/\/elterritorialweb.com.ar\/web\/wp-json\/wp\/v2\/posts\/32230\/revisions\/32234"}],"wp:featuredmedia":[{"embeddable":true,"href":"https:\/\/elterritorialweb.com.ar\/web\/wp-json\/wp\/v2\/media\/32232"}],"wp:attachment":[{"href":"https:\/\/elterritorialweb.com.ar\/web\/wp-json\/wp\/v2\/media?parent=32230"}],"wp:term":[{"taxonomy":"category","embeddable":true,"href":"https:\/\/elterritorialweb.com.ar\/web\/wp-json\/wp\/v2\/categories?post=32230"},{"taxonomy":"post_tag","embeddable":true,"href":"https:\/\/elterritorialweb.com.ar\/web\/wp-json\/wp\/v2\/tags?post=32230"}],"curies":[{"name":"wp","href":"https:\/\/api.w.org\/{rel}","templated":true}]}}