{"id":32241,"date":"2022-01-03T21:46:47","date_gmt":"2022-01-03T21:46:47","guid":{"rendered":"http:\/\/elterritorialweb.com.ar\/web\/?p=32241"},"modified":"2022-01-03T21:46:47","modified_gmt":"2022-01-03T21:46:47","slug":"alerta-banda-recupero-una-moto-que-habia-sido-robada","status":"publish","type":"post","link":"https:\/\/elterritorialweb.com.ar\/web\/alerta-banda-recupero-una-moto-que-habia-sido-robada\/","title":{"rendered":"ALERTA BANDA RECUPER\u00d3 UNA MOTO QUE HAB\u00cdA SIDO ROBADA"},"content":{"rendered":"\n<p>Seg\u00fan informaron, mediante averiguaciones se dio con una familia de Colonia Gamarra quien hab\u00eda adquirido el veh\u00edculo de buena F\u00e9, desconociendo la procedencia ilegal del mismo, al rodado le faltaban varias piezas y su color original hab\u00eda sido\u00a0 alterado.<br>El motovehiculo fue entregado a las autoridades policiales de la Cr\u00eda.14 y las actuaciones judiciales seguir\u00e1n a cargo del Dr. Pablo Moya en representaci\u00f3n del Ministerio P\u00fablico Fiscal Banda- Robles.<\/p>\n","protected":false},"excerpt":{"rendered":"<p>En la ma\u00f1ana del lunes, personal de Alerta Banda recuper\u00f3 un motovehiculo marca keller 110cc que fue sustra\u00eddo a un vecino de La Banda, en calle alem y 25 de Mayo el pasado16 de agosto de 2021.<\/p>\n","protected":false},"author":2,"featured_media":32242,"comment_status":"open","ping_status":"open","sticky":false,"template":"","format":"standard","meta":{"om_disable_all_campaigns":false,"_monsterinsights_skip_tracking":false,"_monsterinsights_sitenote_active":false,"_monsterinsights_sitenote_note":"","_monsterinsights_sitenote_category":0,"_uf_show_specific_survey":0,"_uf_disable_surveys":false,"jetpack_post_was_ever_published":false,"_jetpack_newsletter_access":"","_jetpack_dont_email_post_to_subs":false,"_jetpack_newsletter_tier_id":0,"_jetpack_memberships_contains_paywalled_content":false,"_jetpack_memberships_contains_paid_content":false,"footnotes":"","jetpack_publicize_message":"","jetpack_publicize_feature_enabled":true,"jetpack_social_post_already_shared":false,"jetpack_social_options":{"image_generator_settings":{"template":"highway","default_image_id":0,"font":"","enabled":false},"version":2}},"categories":[21],"tags":[],"class_list":["post-32241","post","type-post","status-publish","format-standard","has-post-thumbnail","hentry","category-locales"],"aioseo_notices":[],"views":5,"jetpack_publicize_connections":[],"jetpack_featured_media_url":"https:\/\/i0.wp.com\/elterritorialweb.com.ar\/web\/wp-content\/uploads\/2022\/01\/IMG-20220103-WA00162.jpg?fit=960%2C991&ssl=1","jetpack_sharing_enabled":true,"_links":{"self":[{"href":"https:\/\/elterritorialweb.com.ar\/web\/wp-json\/wp\/v2\/posts\/32241","targetHints":{"allow":["GET"]}}],"collection":[{"href":"https:\/\/elterritorialweb.com.ar\/web\/wp-json\/wp\/v2\/posts"}],"about":[{"href":"https:\/\/elterritorialweb.com.ar\/web\/wp-json\/wp\/v2\/types\/post"}],"author":[{"embeddable":true,"href":"https:\/\/elterritorialweb.com.ar\/web\/wp-json\/wp\/v2\/users\/2"}],"replies":[{"embeddable":true,"href":"https:\/\/elterritorialweb.com.ar\/web\/wp-json\/wp\/v2\/comments?post=32241"}],"version-history":[{"count":1,"href":"https:\/\/elterritorialweb.com.ar\/web\/wp-json\/wp\/v2\/posts\/32241\/revisions"}],"predecessor-version":[{"id":32243,"href":"https:\/\/elterritorialweb.com.ar\/web\/wp-json\/wp\/v2\/posts\/32241\/revisions\/32243"}],"wp:featuredmedia":[{"embeddable":true,"href":"https:\/\/elterritorialweb.com.ar\/web\/wp-json\/wp\/v2\/media\/32242"}],"wp:attachment":[{"href":"https:\/\/elterritorialweb.com.ar\/web\/wp-json\/wp\/v2\/media?parent=32241"}],"wp:term":[{"taxonomy":"category","embeddable":true,"href":"https:\/\/elterritorialweb.com.ar\/web\/wp-json\/wp\/v2\/categories?post=32241"},{"taxonomy":"post_tag","embeddable":true,"href":"https:\/\/elterritorialweb.com.ar\/web\/wp-json\/wp\/v2\/tags?post=32241"}],"curies":[{"name":"wp","href":"https:\/\/api.w.org\/{rel}","templated":true}]}}