{"id":32244,"date":"2022-01-03T21:57:44","date_gmt":"2022-01-03T21:57:44","guid":{"rendered":"http:\/\/elterritorialweb.com.ar\/web\/?p=32244"},"modified":"2022-01-03T21:57:45","modified_gmt":"2022-01-03T21:57:45","slug":"central-cordoba-inicia-su-pretemporada-pensando-en-el-nuevo-torneo-de-la-liga-profesional","status":"publish","type":"post","link":"https:\/\/elterritorialweb.com.ar\/web\/central-cordoba-inicia-su-pretemporada-pensando-en-el-nuevo-torneo-de-la-liga-profesional\/","title":{"rendered":"CENTRAL C\u00d3RDOBA INICIA SU PRETEMPORADA PENSANDO EN EL NUEVO TORNEO DE LA LIGA PROFESIONAL"},"content":{"rendered":"\n<p>Central C\u00f3rdoba iniciar\u00e1 su pretemporada el Mi\u00e9rcoles 5 a las 18 hs en el predio del Iosep y permanecer\u00e1 en esta ciudad hasta el domingo 9, d\u00eda en el que est\u00e1 previsto el viaje a la ciudad de Balcarce, en donde trabajar\u00e1 desde el 10 hasta el 16 de este mes.<\/p>\n\n\n\n<p><div>La semana siguiente, del 17 al 24 de Enero, el plantel continuar\u00e1 la pretemporada en el predio de La Candela en donde la idea es disputar una serie de encuentros amistosos que ya se est\u00e1n gestionando. Finalmente, la \u00faltima semana previa al inicio del nuevo torneo de Liga Profesional, el plantel trabajar\u00e1 nuevamente en esta ciudad<\/div><\/p>\n","protected":false},"excerpt":{"rendered":"<p>La cita es el mi\u00e9rcoles 5 de enero desde las 18 hs. en el predio del Iosep.<\/p>\n","protected":false},"author":2,"featured_media":19350,"comment_status":"open","ping_status":"open","sticky":false,"template":"","format":"standard","meta":{"om_disable_all_campaigns":false,"_monsterinsights_skip_tracking":false,"_monsterinsights_sitenote_active":false,"_monsterinsights_sitenote_note":"","_monsterinsights_sitenote_category":0,"_uf_show_specific_survey":0,"_uf_disable_surveys":false,"jetpack_post_was_ever_published":false,"_jetpack_newsletter_access":"","_jetpack_dont_email_post_to_subs":false,"_jetpack_newsletter_tier_id":0,"_jetpack_memberships_contains_paywalled_content":false,"_jetpack_memberships_contains_paid_content":false,"footnotes":"","jetpack_publicize_message":"","jetpack_publicize_feature_enabled":true,"jetpack_social_post_already_shared":false,"jetpack_social_options":{"image_generator_settings":{"template":"highway","default_image_id":0,"font":"","enabled":false},"version":2}},"categories":[6],"tags":[],"class_list":["post-32244","post","type-post","status-publish","format-standard","has-post-thumbnail","hentry","category-deportes"],"aioseo_notices":[],"views":9,"jetpack_publicize_connections":[],"jetpack_featured_media_url":"https:\/\/i0.wp.com\/elterritorialweb.com.ar\/web\/wp-content\/uploads\/2021\/03\/CENTRAL-ENTRENO-1.jpg?fit=1124%2C750&ssl=1","jetpack_sharing_enabled":true,"_links":{"self":[{"href":"https:\/\/elterritorialweb.com.ar\/web\/wp-json\/wp\/v2\/posts\/32244","targetHints":{"allow":["GET"]}}],"collection":[{"href":"https:\/\/elterritorialweb.com.ar\/web\/wp-json\/wp\/v2\/posts"}],"about":[{"href":"https:\/\/elterritorialweb.com.ar\/web\/wp-json\/wp\/v2\/types\/post"}],"author":[{"embeddable":true,"href":"https:\/\/elterritorialweb.com.ar\/web\/wp-json\/wp\/v2\/users\/2"}],"replies":[{"embeddable":true,"href":"https:\/\/elterritorialweb.com.ar\/web\/wp-json\/wp\/v2\/comments?post=32244"}],"version-history":[{"count":1,"href":"https:\/\/elterritorialweb.com.ar\/web\/wp-json\/wp\/v2\/posts\/32244\/revisions"}],"predecessor-version":[{"id":32245,"href":"https:\/\/elterritorialweb.com.ar\/web\/wp-json\/wp\/v2\/posts\/32244\/revisions\/32245"}],"wp:featuredmedia":[{"embeddable":true,"href":"https:\/\/elterritorialweb.com.ar\/web\/wp-json\/wp\/v2\/media\/19350"}],"wp:attachment":[{"href":"https:\/\/elterritorialweb.com.ar\/web\/wp-json\/wp\/v2\/media?parent=32244"}],"wp:term":[{"taxonomy":"category","embeddable":true,"href":"https:\/\/elterritorialweb.com.ar\/web\/wp-json\/wp\/v2\/categories?post=32244"},{"taxonomy":"post_tag","embeddable":true,"href":"https:\/\/elterritorialweb.com.ar\/web\/wp-json\/wp\/v2\/tags?post=32244"}],"curies":[{"name":"wp","href":"https:\/\/api.w.org\/{rel}","templated":true}]}}