{"id":32246,"date":"2022-01-04T00:41:57","date_gmt":"2022-01-04T00:41:57","guid":{"rendered":"http:\/\/elterritorialweb.com.ar\/web\/?p=32246"},"modified":"2022-01-04T00:41:57","modified_gmt":"2022-01-04T00:41:57","slug":"fernandez-culmina-el-ano-con-mas-de-diez-obras-en-ejecucion-e-importantes-proyecciones-para-el-2022","status":"publish","type":"post","link":"https:\/\/elterritorialweb.com.ar\/web\/fernandez-culmina-el-ano-con-mas-de-diez-obras-en-ejecucion-e-importantes-proyecciones-para-el-2022\/","title":{"rendered":"FERN\u00c1NDEZ CULMINA EL A\u00d1O CON M\u00c1S DE DIEZ OBRAS EN EJECUCI\u00d3N E IMPORTANTES PROYECCIONES PARA EL 2022"},"content":{"rendered":"\n<p>Al finalizar el 2021, el intendente de la Ciudad de Fern\u00e1ndez, Dr. V\u00edctor Araujo, hizo un positivo balance de las acciones que se llevaron adelante desde la comuna a su cargo.<br>El jefe comunal de la \u201cCapital del agro\u201d, enumer\u00f3 las obras m\u00e1s relevantes que se concretaron y las que est\u00e1n pr\u00f3ximas a iniciar y que ser\u00e1 parte de metas trazadas para el 2022.<br>\u00abEstamos terminando un a\u00f1o que si bien ha sido bastante complicado y con much\u00edsimas adversidades desde el punto de vista sanitario y teniendo presente este panorama tenemos que pensar en el lado positivo y en ese punto, tuvimos muchos avances para nuestra ciudad, concretando much\u00edsimos proyectos y anhelos en algunos barrios y parajes que por ah\u00ed estaban un poco olvidados\u00bb, sostuvo el Dr. V\u00edctor Araujo.<br>\u00abPor mencionar alguno de ellos este a\u00f1o pudimos concretar la obra del pozo de agua de Pozo Suny, con lo cual se logr\u00f3 llevar agua potable por red a 60 familias de este paraje que ya cuentan con agua de red domiciliaria, lo qu\u00e9 es algo realmente muy importante\u00bb.<br>\u00abTambi\u00e9n el eripiado del camino que une el paraje Cheej con Pozo Mosoj en un tramo de 10 km que estaban intransitables y que postergaban a muchas familias que viven en esa zona. Este es otro de los logros en este a\u00f1o y para nosotros una gran satisfacci\u00f3n poder dar una respuesta en este sector qu\u00e9 tanto lo demandaban y que durante tantos a\u00f1os lo hab\u00edan pedido. Por suerte y gracias al gobernador Gerardo Zamora que hizo lugar a nuestro pedido y hoy podemos hacer realidad\u00bb, indic\u00f3 Araujo.<br>Otras de las obras en el barrio mencionadas por el intendente de la Ciuad de Fern\u00e1ndez es en el barrio La Loma donde actualmente se ejecuta la colocaci\u00f3n de pavimento sobre la calle Chee\u00edn y la construcci\u00f3n del nuevo Jard\u00edn de infantes. Tambi\u00e9n se construir\u00e1n 1800 metros de cord\u00f3n cuneta en este sector. \u00abCon estas obras estamos cumpliendo con la promesa que hab\u00edamos asumido de llegar de alguna manera m\u00e1s contundente en este barrio, que estuvo tan postergado, que se necesitan mejoras d\u00f3nde vive tanta gente y qu\u00e9 necesita de la presencia municipal\u00bb.<br>Por otro lado, en otro sector de la ciudad como lo es el barrio Las Am\u00e9ricas, donde el municipio concret\u00f3 la pavimentaci\u00f3n del acceso al conglomerado, Araujo tambi\u00e9n hizo referencia y dijo que \u00abes otro de los barrios que necesitan mejoras y presencia municipal. Tenemos el CIC Municipal que est\u00e1 funcionando a pleno, tenemos m\u00e9dicos atendiendo casi todos los d\u00edas de la semana y tenemos pensado para el a\u00f1o 2022 seguir aumentando el listado de m\u00e9dicos con distintas especialidades. Estamos en tratativas con los m\u00e9dicos psiquiatras para que comiencen a trabajar y atender en el CIC municipal al menos una vez en la semana y queremos incorporar algunas otras especialidades y si Dios quiere vamos a poder concretar las mejoras que se est\u00e1n dando en distintos sectores de la ciudad\u00bb.<br>Por otro lado, en otro sector de la ciudad como lo es el barrio Las Am\u00e9ricas, donde el municipio concret\u00f3 la pavimentaci\u00f3n del acceso al conglomerado, Araujo tambi\u00e9n hizo referencia y dijo que \u00abes otro de los barrios que necesitan mejoras y presencia municipal. Tenemos el CIC Municipal que est\u00e1 funcionando a pleno, tenemos m\u00e9dicos atendiendo casi todos los d\u00edas de la semana y tenemos pensado para el a\u00f1o 2022 seguir aumentando el listado de m\u00e9dicos con distintas especialidades. Estamos en tratativas con los m\u00e9dicos psiquiatras para que comiencen a trabajar y atender en el CIC municipal al menos una vez en la semana y queremos incorporar algunas otras especialidades y si Dios quiere vamos a poder concretar las mejoras que se est\u00e1n dando en distintos sectores de la ciudad\u00bb.<br><\/p>\n\n\n\n<p><strong>Construcci\u00f3n del nuevo hospital y m\u00e1s de 10 obras en ejecuci\u00f3n<\/strong><\/p>\n\n\n\n<p>El intendente de la Capital del Agro, habl\u00f3 sobre las obras que se encuentran en ejecuci\u00f3n y o dijo que \u00aben este momento en nuestra ciudad tenemos simult\u00e1neamente ejecut\u00e1ndose m\u00e1s de 10 obras. Por un lado de la calle Chee\u00edn, por otro lado se ha comenzado en el barrio independiente con la calle 20 de junio; pavimento articulado en la calle de La Loma; la Avenida del Agro desde Alfons\u00edn hasta Namuncur\u00e1 con el bulevar, la iluminaci\u00f3n y no es solamente una cuesti\u00f3n est\u00e9tica sino una mejora de la transitabilidad y particularmente el desag\u00fce para garantizar el escurrimiento del agua. Tenemos un vivero municipal que se est\u00e1 ejecutando en este momento y tambi\u00e9n estamos ejecutando viviendas sociales y tenemos un n\u00famero importante por comenzar a construir y se est\u00e1 ejecutando la obra el hospital nuevo que ya est\u00e1 en construcci\u00f3n y que tiene un plazo de ejecuci\u00f3n de 700 d\u00edas. Una obra tan anhelada y por suerte con el acompa\u00f1amiento de nuestro gobernador de la provincia podemos decir que hoy es una realidad, y de manera r\u00e1pida e inmediata, porque recordemos que el anuncio fue en el mes de abril y en el mes de junio el gobernador ya hab\u00eda llamado a licitaci\u00f3n.<br>Tambi\u00e9n estamos trabajando por ejemplo en el centro cultural de nuestra ciudad. Queremos contar con un lugar mucho m\u00e1s apto para todos los eventos culturales que demandan un lugar cerrado y si Dios quiere a mitad de a\u00f1o posiblemente podamos estar inaugur\u00e1ndolo y tambi\u00e9n por mencionar algunos. En realidad tenemos m\u00e1s de 10 obras, algunas con fondos municipales otras con fondos nacionales y otras con fondos provinciales. En este momento se sigue trabajando en el Fern\u00e1ndez B\u00e1squetbol Club con el acompa\u00f1amiento del gobierno de la provincia. Hemos decidido darles el acompa\u00f1amiento y el impulso a la gesti\u00f3n del b\u00e1squet, que si bien, hoy est\u00e1 parado pero realmente est\u00e1 parado con un mont\u00f3n de avances en cuanto a la estructura que se pudo lograr en estos \u00faltimos a\u00f1os. Estar\u00eda bueno que los vecinos interesados se lleguen al lugar para que vean lo que son hoy las instalaciones del b\u00e1squet en comparaci\u00f3n a lo que era hace unos a\u00f1os atr\u00e1s y que si Dios quiere con el acompa\u00f1amiento del municipio y el gobierno de la provincia en unos meses y este a\u00f1o 2022 vamos a poder inaugurarlo y est\u00e1 pesado que sea, no solamente la cancha de b\u00e1squet con piso de parquet como tenemos pensado, sino con otras comodidades y beneficios para los socios c\u00f3mo se ha pensado desde el primer momento. Felicito la comisi\u00f3n que est\u00e1 a cargo porque la obra est\u00e1 en ejecuci\u00f3n y la obra es una obra que realmente va a significar un club de primera para nuestra ciudad como antes no lo ten\u00edamos y que seguramente con el acompa\u00f1amiento de todos los vecinos vamos a poder tambi\u00e9n tener muchas disciplinas y mucha actividad en este sector \u00bb<br>\u00abEl a\u00f1o que viene vamos a tener muchas obras en ejecuci\u00f3n. Se comenzar\u00e1 a concretar, previa licitaci\u00f3n, la obra del polideportivo municipal, que ha sido anunciada hace un par de meses atr\u00e1s donde el gobierno de la provincia nos ha aprobado y se va a hacer cargo en forma total de los fondos y tambi\u00e9n de la nueva escuela primaria que llega para nuestra ciudad que se construir\u00e1 con fondos provinciales y un barrio 100 vivienda del IPVU, el a\u00f1o que viene se va a comenzar con la licitaci\u00f3n y la ejecuci\u00f3n, pero vamos a seguir trabajando con fuerte impulso, con iniciativas municipales, con muchas cosas c\u00f3mo hacer un segundo, tercer y cuarto sorteo del lotes del barrio La Loma, sobre lo que es el banco de tierras\u00bb, sostuvo.<\/p>\n","protected":false},"excerpt":{"rendered":"<p>El intendente de la ciudad de Fern\u00e1ndez Dr. V\u00edctor Araujo adelant\u00f3 que el pr\u00f3ximo a\u00f1o se construir\u00eda un barrio de 100 viviendas del IPVU, una nueva escuela primaria, el polideportivo municipal y se continuar\u00e1 con la adjudicaci\u00f3n de lotes del banco de tierras para familias de escasos recursos.<\/p>\n","protected":false},"author":2,"featured_media":32247,"comment_status":"open","ping_status":"open","sticky":false,"template":"","format":"standard","meta":{"om_disable_all_campaigns":false,"_monsterinsights_skip_tracking":false,"_monsterinsights_sitenote_active":false,"_monsterinsights_sitenote_note":"","_monsterinsights_sitenote_category":0,"_uf_show_specific_survey":0,"_uf_disable_surveys":false,"jetpack_post_was_ever_published":false,"_jetpack_newsletter_access":"","_jetpack_dont_email_post_to_subs":false,"_jetpack_newsletter_tier_id":0,"_jetpack_memberships_contains_paywalled_content":false,"_jetpack_memberships_contains_paid_content":false,"footnotes":"","jetpack_publicize_message":"","jetpack_publicize_feature_enabled":true,"jetpack_social_post_already_shared":false,"jetpack_social_options":{"image_generator_settings":{"template":"highway","default_image_id":0,"font":"","enabled":false},"version":2}},"categories":[18],"tags":[],"class_list":["post-32246","post","type-post","status-publish","format-standard","has-post-thumbnail","hentry","category-politica"],"aioseo_notices":[],"views":21,"jetpack_publicize_connections":[],"jetpack_featured_media_url":"https:\/\/i0.wp.com\/elterritorialweb.com.ar\/web\/wp-content\/uploads\/2022\/01\/1641250292350_araujo-licitacion.jpg?fit=859%2C600&ssl=1","jetpack_sharing_enabled":true,"_links":{"self":[{"href":"https:\/\/elterritorialweb.com.ar\/web\/wp-json\/wp\/v2\/posts\/32246","targetHints":{"allow":["GET"]}}],"collection":[{"href":"https:\/\/elterritorialweb.com.ar\/web\/wp-json\/wp\/v2\/posts"}],"about":[{"href":"https:\/\/elterritorialweb.com.ar\/web\/wp-json\/wp\/v2\/types\/post"}],"author":[{"embeddable":true,"href":"https:\/\/elterritorialweb.com.ar\/web\/wp-json\/wp\/v2\/users\/2"}],"replies":[{"embeddable":true,"href":"https:\/\/elterritorialweb.com.ar\/web\/wp-json\/wp\/v2\/comments?post=32246"}],"version-history":[{"count":1,"href":"https:\/\/elterritorialweb.com.ar\/web\/wp-json\/wp\/v2\/posts\/32246\/revisions"}],"predecessor-version":[{"id":32248,"href":"https:\/\/elterritorialweb.com.ar\/web\/wp-json\/wp\/v2\/posts\/32246\/revisions\/32248"}],"wp:featuredmedia":[{"embeddable":true,"href":"https:\/\/elterritorialweb.com.ar\/web\/wp-json\/wp\/v2\/media\/32247"}],"wp:attachment":[{"href":"https:\/\/elterritorialweb.com.ar\/web\/wp-json\/wp\/v2\/media?parent=32246"}],"wp:term":[{"taxonomy":"category","embeddable":true,"href":"https:\/\/elterritorialweb.com.ar\/web\/wp-json\/wp\/v2\/categories?post=32246"},{"taxonomy":"post_tag","embeddable":true,"href":"https:\/\/elterritorialweb.com.ar\/web\/wp-json\/wp\/v2\/tags?post=32246"}],"curies":[{"name":"wp","href":"https:\/\/api.w.org\/{rel}","templated":true}]}}