{"id":32249,"date":"2022-01-04T00:58:00","date_gmt":"2022-01-04T00:58:00","guid":{"rendered":"http:\/\/elterritorialweb.com.ar\/web\/?p=32249"},"modified":"2022-01-04T00:58:01","modified_gmt":"2022-01-04T00:58:01","slug":"fernandez-obras-como-estas-se-estan-produciendo-a-lo-largo-de-toda-la-argentina-y-en-todas-las-latitudes","status":"publish","type":"post","link":"https:\/\/elterritorialweb.com.ar\/web\/fernandez-obras-como-estas-se-estan-produciendo-a-lo-largo-de-toda-la-argentina-y-en-todas-las-latitudes\/","title":{"rendered":"FERN\u00c1NDEZ: \u00abOBRAS COMO EST\u00c1S SE ESTAN PRODUCIENDO A LO LARGO DE TODA LA ARGENTINA Y EN TODAS LAS LATITUDES\u00bb"},"content":{"rendered":"\n<p>\u00abObras como \u00e9stas se est\u00e1n produciendo a lo largo de toda la Argentina y en todas las latitudes\u201d, se\u00f1al\u00f3 el mandatario, que estuvo acompa\u00f1ado por el ministro de Obras P\u00fablicas, Gabriel Katopodis; el administrador de Vialidad Nacional, Gustavo Arrieta; adem\u00e1s de intendentes y legisladores, dirigentes sindicales y vecinos.<\/p>\n\n\n\n<p>Y remarc\u00f3: \u201cCuando nosotros inauguramos obras no solamente agilizamos la comunicaci\u00f3n, facilitamos el transporte de carga y de personas, sino que garantizamos tambi\u00e9n la vida de los que circulan por aqu\u00ed\u201d.<\/p>\n\n\n\n<p>\u201cLa magnitud de la obra p\u00fablica que hoy tenemos en el pa\u00eds es de tal envergadura que contamos con 380 mil personas trabajando en el sector y esperamos que muchos m\u00e1s se sumen para que el trabajo se multiplique\u201d, inform\u00f3 el mandatario y reflexion\u00f3: \u201cA la vida hay que cuidarla siempre, tanto cuando viene una pandemia como en las rutas\u201d.<\/p>\n\n\n\n<figure class=\"wp-block-image size-large\"><a href=\"https:\/\/i0.wp.com\/elterritorialweb.com.ar\/web\/wp-content\/uploads\/2022\/01\/obras.jpg\"><img data-recalc-dims=\"1\" decoding=\"async\" width=\"640\" height=\"426\" data-src=\"https:\/\/i0.wp.com\/elterritorialweb.com.ar\/web\/wp-content\/uploads\/2022\/01\/obras.jpg?resize=640%2C426\" alt=\"\" class=\"wp-image-32251 lazyload\" data-srcset=\"https:\/\/i0.wp.com\/elterritorialweb.com.ar\/web\/wp-content\/uploads\/2022\/01\/obras.jpg?resize=1024%2C682&amp;ssl=1 1024w, https:\/\/i0.wp.com\/elterritorialweb.com.ar\/web\/wp-content\/uploads\/2022\/01\/obras.jpg?resize=300%2C200&amp;ssl=1 300w, https:\/\/i0.wp.com\/elterritorialweb.com.ar\/web\/wp-content\/uploads\/2022\/01\/obras.jpg?resize=768%2C512&amp;ssl=1 768w, https:\/\/i0.wp.com\/elterritorialweb.com.ar\/web\/wp-content\/uploads\/2022\/01\/obras.jpg?resize=1536%2C1024&amp;ssl=1 1536w, https:\/\/i0.wp.com\/elterritorialweb.com.ar\/web\/wp-content\/uploads\/2022\/01\/obras.jpg?w=1940&amp;ssl=1 1940w, https:\/\/i0.wp.com\/elterritorialweb.com.ar\/web\/wp-content\/uploads\/2022\/01\/obras.jpg?w=1280 1280w\" data-sizes=\"(max-width: 640px) 100vw, 640px\" src=\"data:image\/svg+xml;base64,PHN2ZyB3aWR0aD0iMSIgaGVpZ2h0PSIxIiB4bWxucz0iaHR0cDovL3d3dy53My5vcmcvMjAwMC9zdmciPjwvc3ZnPg==\" style=\"--smush-placeholder-width: 640px; --smush-placeholder-aspect-ratio: 640\/426;\" \/><\/a><\/figure>\n\n\n\n<p>Durante la actividad, Katopodis valor\u00f3 que los trabajos fueron hechos en pandemia, \u201cy es muestra de otra gran obra que es la Autov\u00eda de la Ruta Nacional 8\u201d, al tiempo que anticip\u00f3: \u201cMuy pronto vamos a estar culminando los 167 km de este gran corredor que es la Autov\u00eda y que marca el tiempo de la Argentina y el sentido del desarrollo\u201d del pa\u00eds.<\/p>\n\n\n\n<p>\u201cPara ponerse en marcha el pa\u00eds necesita que el sector agropecuario tenga la mejor infraestructura y el mejor sistema vial para transportar las cargas y la producci\u00f3n, pero tambi\u00e9n para incorporar a las localidades rezagadas de nuestro pa\u00eds. Esa es la doble visi\u00f3n con que buscamos consolidar lo que funciona y ganar productividad para llegar a cada rinc\u00f3n\u201d, puntualiz\u00f3.<\/p>\n\n\n\n<p>Participaron tambi\u00e9n del acto, Edith Mermet, de la vecina localidad de Duggan, que trabaja como transportista desde hace 32 a\u00f1os y hace 12 traslada a j\u00f3venes a la \u00fanica escuela agraria de la zona; y Horacio Longo, de Carmen de Areco, quien se dedica al transporte de granos, y recorre a diario la obra vial.<\/p>\n\n\n\n<p>Sobre la importancia de los trabajos para la zona, Mermet asegur\u00f3 que \u201cantes era todo un caos\u201d para el tr\u00e1nsito de la zona y \u201cun gran estr\u00e9s para m\u00ed\u201d, por eso \u201cno tenemos palabras por tener una doble mano\u201d, sostuvo al agradecer al mandatario.<br><br>Con una inversi\u00f3n total de 5.217 millones de pesos, la obra consisti\u00f3 en la construcci\u00f3n de una autopista semiurbana en traza nueva, por afuera de la ciudad, a lo largo de una extensi\u00f3n de 12,6 kil\u00f3metros entre el Arroyo de Giles (km 104,4) y el puente sobre el Arroyo G\u00f3mez (km 116,9), cuyo fin es evitar que el tr\u00e1nsito pesado que circula por la RN 8 ingrese a San Antonio de Areco.<\/p>\n\n\n\n<figure class=\"wp-block-image size-large\"><a href=\"https:\/\/i0.wp.com\/elterritorialweb.com.ar\/web\/wp-content\/uploads\/2022\/01\/obras3.jpg\"><img data-recalc-dims=\"1\" decoding=\"async\" width=\"640\" height=\"426\" data-src=\"https:\/\/i0.wp.com\/elterritorialweb.com.ar\/web\/wp-content\/uploads\/2022\/01\/obras3.jpg?resize=640%2C426\" alt=\"\" class=\"wp-image-32252 lazyload\" data-srcset=\"https:\/\/i0.wp.com\/elterritorialweb.com.ar\/web\/wp-content\/uploads\/2022\/01\/obras3.jpg?resize=1024%2C682&amp;ssl=1 1024w, https:\/\/i0.wp.com\/elterritorialweb.com.ar\/web\/wp-content\/uploads\/2022\/01\/obras3.jpg?resize=300%2C200&amp;ssl=1 300w, https:\/\/i0.wp.com\/elterritorialweb.com.ar\/web\/wp-content\/uploads\/2022\/01\/obras3.jpg?resize=768%2C512&amp;ssl=1 768w, https:\/\/i0.wp.com\/elterritorialweb.com.ar\/web\/wp-content\/uploads\/2022\/01\/obras3.jpg?resize=1536%2C1024&amp;ssl=1 1536w, https:\/\/i0.wp.com\/elterritorialweb.com.ar\/web\/wp-content\/uploads\/2022\/01\/obras3.jpg?w=1940&amp;ssl=1 1940w, https:\/\/i0.wp.com\/elterritorialweb.com.ar\/web\/wp-content\/uploads\/2022\/01\/obras3.jpg?w=1280 1280w\" data-sizes=\"(max-width: 640px) 100vw, 640px\" src=\"data:image\/svg+xml;base64,PHN2ZyB3aWR0aD0iMSIgaGVpZ2h0PSIxIiB4bWxucz0iaHR0cDovL3d3dy53My5vcmcvMjAwMC9zdmciPjwvc3ZnPg==\" style=\"--smush-placeholder-width: 640px; --smush-placeholder-aspect-ratio: 640\/426;\" \/><\/a><\/figure>\n\n\n\n<p>Los trabajos, que incluyeron la implementaci\u00f3n de distribuidores en el empalme de la nueva Autopista con la Ruta Nacional 8 existente y en las intersecciones con las rutas provinciales 41 y 31, comenzaron en junio de 2015, pero estuvieron ralentizados hasta mayo de 2020 cuando se retom\u00f3 su ritmo habitual.<br><br>La nueva Autopista Ruta Nacional 8 es de importancia vital para potenciar el corredor comercial que vincula la provincia de Buenos Aires con Santa Fe, C\u00f3rdoba y San Luis y a su vez fortalecer la competitividad productiva con una disminuci\u00f3n de los tiempos de viaje.<\/p>\n\n\n\n<p>Durante la gesti\u00f3n anterior fueron habilitados al tr\u00e1nsito 35,1 kil\u00f3metros; en cambio, el actual Gobierno nacional inaugur\u00f3 68,5 kil\u00f3metros y actualmente est\u00e1n los restantes 63,8 en ejecuci\u00f3n.<\/p>\n\n\n\n<p>En junio de 2021 fue inaugurada la variante Pergamino del tramo VII (Fontezuela \u2013 Pergamino), de 22,92 kil\u00f3metros de extensi\u00f3n; mientras que en octubre se habilitaron 33 kil\u00f3metros entre Capit\u00e1n Sarmiento y San Antonio de Areco, de los tramos III y IV, que permiten mejorar la circulaci\u00f3n y la seguridad vial de m\u00e1s de 4.600 veh\u00edculos que la transitan diariamente.<\/p>\n","protected":false},"excerpt":{"rendered":"<p>El presidente Alberto Fern\u00e1ndez encabez\u00f3 esta tarde el acto de inauguraci\u00f3n de la variante San Antonio de Areco de la Autopista Ruta Nacional 8, que brindar\u00e1 mayor seguridad y agilizar\u00e1 la movilidad de m\u00e1s de 7.800 veh\u00edculos por d\u00eda.<\/p>\n","protected":false},"author":2,"featured_media":32250,"comment_status":"open","ping_status":"open","sticky":false,"template":"","format":"standard","meta":{"om_disable_all_campaigns":false,"_monsterinsights_skip_tracking":false,"_monsterinsights_sitenote_active":false,"_monsterinsights_sitenote_note":"","_monsterinsights_sitenote_category":0,"_uf_show_specific_survey":0,"_uf_disable_surveys":false,"jetpack_post_was_ever_published":false,"_jetpack_newsletter_access":"","_jetpack_dont_email_post_to_subs":false,"_jetpack_newsletter_tier_id":0,"_jetpack_memberships_contains_paywalled_content":false,"_jetpack_memberships_contains_paid_content":false,"footnotes":"","jetpack_publicize_message":"","jetpack_publicize_feature_enabled":true,"jetpack_social_post_already_shared":false,"jetpack_social_options":{"image_generator_settings":{"template":"highway","default_image_id":0,"font":"","enabled":false},"version":2}},"categories":[18],"tags":[],"class_list":["post-32249","post","type-post","status-publish","format-standard","has-post-thumbnail","hentry","category-politica"],"aioseo_notices":[],"views":7,"jetpack_publicize_connections":[],"jetpack_featured_media_url":"https:\/\/i0.wp.com\/elterritorialweb.com.ar\/web\/wp-content\/uploads\/2022\/01\/obras2.jpg?fit=1940%2C1292&ssl=1","jetpack_sharing_enabled":true,"_links":{"self":[{"href":"https:\/\/elterritorialweb.com.ar\/web\/wp-json\/wp\/v2\/posts\/32249","targetHints":{"allow":["GET"]}}],"collection":[{"href":"https:\/\/elterritorialweb.com.ar\/web\/wp-json\/wp\/v2\/posts"}],"about":[{"href":"https:\/\/elterritorialweb.com.ar\/web\/wp-json\/wp\/v2\/types\/post"}],"author":[{"embeddable":true,"href":"https:\/\/elterritorialweb.com.ar\/web\/wp-json\/wp\/v2\/users\/2"}],"replies":[{"embeddable":true,"href":"https:\/\/elterritorialweb.com.ar\/web\/wp-json\/wp\/v2\/comments?post=32249"}],"version-history":[{"count":1,"href":"https:\/\/elterritorialweb.com.ar\/web\/wp-json\/wp\/v2\/posts\/32249\/revisions"}],"predecessor-version":[{"id":32253,"href":"https:\/\/elterritorialweb.com.ar\/web\/wp-json\/wp\/v2\/posts\/32249\/revisions\/32253"}],"wp:featuredmedia":[{"embeddable":true,"href":"https:\/\/elterritorialweb.com.ar\/web\/wp-json\/wp\/v2\/media\/32250"}],"wp:attachment":[{"href":"https:\/\/elterritorialweb.com.ar\/web\/wp-json\/wp\/v2\/media?parent=32249"}],"wp:term":[{"taxonomy":"category","embeddable":true,"href":"https:\/\/elterritorialweb.com.ar\/web\/wp-json\/wp\/v2\/categories?post=32249"},{"taxonomy":"post_tag","embeddable":true,"href":"https:\/\/elterritorialweb.com.ar\/web\/wp-json\/wp\/v2\/tags?post=32249"}],"curies":[{"name":"wp","href":"https:\/\/api.w.org\/{rel}","templated":true}]}}