{"id":32254,"date":"2022-01-04T02:10:05","date_gmt":"2022-01-04T02:10:05","guid":{"rendered":"http:\/\/elterritorialweb.com.ar\/web\/?p=32254"},"modified":"2022-01-04T02:10:06","modified_gmt":"2022-01-04T02:10:06","slug":"coronavirus-en-santiago-se-confirmaron-715-casos-positivos-en-la-provincia","status":"publish","type":"post","link":"https:\/\/elterritorialweb.com.ar\/web\/coronavirus-en-santiago-se-confirmaron-715-casos-positivos-en-la-provincia\/","title":{"rendered":"CORONAVIRUS EN SANTIAGO: SE CONFIRMARON 715 CASOS POSITIVOS EN LA PROVINCIA"},"content":{"rendered":"\n<p>Se recuperaron sesenta y nueve (69) casos, por lo que son setenta y ocho mil trescientos ochenta y uno (78.381) los casos recuperados en la provincia.<br><\/p>\n\n\n\n<p>Se notific\u00f3 una (1) personas fallecida con diagn\u00f3stico de COVID-19 activo en la provincia. Una mujer de 60 a\u00f1os con factores de riesgo del interior de la provincia.<\/p>\n\n\n\n<p> Hay un total de mil ochenta (1.080) personas positivas fallecidas en la provincia.<br><\/p>\n\n\n\n<p>Se procesaron un total de mil setecientos cuarenta y nueve (1749) muestras el d\u00eda de hoy.<\/p>\n\n\n\n<p><strong>Se confirmaron setecientos quince (715) casos positivos de COVID -19 en la provincia, Capital-Banda (576) e interior de la provincia (139): A\u00f1atuya 11; Bandera 1; Brea Pozo 2; Choya 1; Clodomira 3; Colonia Dora 1; Colonia Maria Elena 1; Colonia San Juan 1; El Charco 1; Forres 1; Frias 9; Garza 1; Herrera 8; Ica\u00f1o 1; Isla de los Castillos 1; La Invernada 2; Laprida 2; Lavalle 11; Lomitas 1; Loreto 2; Malbran 1; Pampa de los Guanacos 2; Pozo Hondo 1; Pozuelos 2; Quimili 2; Selva 5; Simbol 2; Taca\u00f1itas 1; Termas 53; Tres Cruces 1; Vilelas 1; Villa Atamisqui 4; Villa Ojo de Agua 2; Villa Robles 1.<\/strong><br><\/p>\n\n\n\n<p>Permanecen activos tres mil ciento cincuenta y nueve (3159) casos en la provincia.<br><\/p>\n\n\n\n<p>El total de casos positivos acumulados es de ochenta y cuatro mil cientos treinta y siete (84.137)<br><\/p>\n\n\n\n<p>Se descartaron mil treinta y cuatro (1034) casos el d\u00eda de hoy, por lo que hay trescientos ocho mil seiscientos cuarenta y nueve (308.649) casos descartados a la fecha.<\/p>\n\n\n\n<p><strong>Importante<\/strong>: La diferencia de casos acumulados, y difundidos en el informe nacional, obedece a diferentes horarios de carga ya santiague\u00f1os que residen en otras provincias pero que no tienen realizado el cambio de domicilio legal en su DNI. Se ha solicitado el correspondiente pedido de reclasificaci\u00f3n de los casos excedentes cargados para nuestra provincia.<\/p>\n\n\n\n<p><strong>Recomendaciones<\/strong><\/p>\n\n\n\n<p>TODAS las personas notificadas como positivas de COVID y sus contactos estrechos DEBEN realizar AISLAMIENTO SANITARIO OBLIGATORIO de 10 d\u00edas, aunque no presenten s\u00edntomas e independientemente si fueron hisopados y su resultado fue no detectable (negativo).<br><\/p>\n\n\n\n<p>Durante el aislamiento sanitario las personas no pueden salir de su hogar ni recibir visitas y deben cumplir con las medidas de prevenci\u00f3n indicadas por las autoridades sanitarias.<br><\/p>\n\n\n\n<p>Ante la presencia de fiebre mayor o igual a 37,5 \u00b0 y s\u00edntomas respiratorios como tos, dolor de garganta, dificultad para respirar, adem\u00e1s de falta de gusto y olfato de reciente aparici\u00f3n, y tambi\u00e9n cefalea, diarrea y \/ o v\u00f3mitos o al haber estado en contacto con un caso confirmado, se insta a la poblaci\u00f3n a que haga un contacto de inmediato con el sistema de salud contact\u00e1ndose con su centro de salud m\u00e1s cercano o comunic\u00e1ndose al 107 y evite el contacto social<br><\/p>\n\n\n\n<p>Tambi\u00e9n se recuerda que se realiza el hisopado a los contactos estrechos de casos positivos que presenten s\u00edntomas o que tengan factores de riesgo (mayores de 60 a\u00f1os, embarazadas, inmunocomprometidos, enfermos oncol\u00f3gicos o dializados)<br><\/p>\n\n\n\n<p>Recordemos continuar respetando las medidas de uso de barbijo, distancia f\u00edsica, ventilar los ambientes y lavarnos frecuentemente las manos con agua y jab\u00f3n.<\/p>\n\n\n\n<p>Respetar todos los protocolos vigentes y cumplir con el esquema de vacunaci\u00f3n contra COVID<br>La \u00fanica herramienta que tenemos es la prevenci\u00f3n.<\/p>\n\n\n\n<p><\/p>\n","protected":false},"excerpt":{"rendered":"<p>Informe del Ministerio de Salud de la provincia de Santiago del Estero.<\/p>\n","protected":false},"author":2,"featured_media":27943,"comment_status":"open","ping_status":"open","sticky":false,"template":"","format":"standard","meta":{"om_disable_all_campaigns":false,"_monsterinsights_skip_tracking":false,"_monsterinsights_sitenote_active":false,"_monsterinsights_sitenote_note":"","_monsterinsights_sitenote_category":0,"_uf_show_specific_survey":0,"_uf_disable_surveys":false,"jetpack_post_was_ever_published":false,"_jetpack_newsletter_access":"","_jetpack_dont_email_post_to_subs":false,"_jetpack_newsletter_tier_id":0,"_jetpack_memberships_contains_paywalled_content":false,"_jetpack_memberships_contains_paid_content":false,"footnotes":"","jetpack_publicize_message":"","jetpack_publicize_feature_enabled":true,"jetpack_social_post_already_shared":false,"jetpack_social_options":{"image_generator_settings":{"template":"highway","default_image_id":0,"font":"","enabled":false},"version":2}},"categories":[3],"tags":[],"class_list":["post-32254","post","type-post","status-publish","format-standard","has-post-thumbnail","hentry","category-salud"],"aioseo_notices":[],"views":51,"jetpack_publicize_connections":[],"jetpack_featured_media_url":"https:\/\/i0.wp.com\/elterritorialweb.com.ar\/web\/wp-content\/uploads\/2021\/09\/reporte-diario-19-de-septiembre.jpg?fit=810%2C540&ssl=1","jetpack_sharing_enabled":true,"_links":{"self":[{"href":"https:\/\/elterritorialweb.com.ar\/web\/wp-json\/wp\/v2\/posts\/32254","targetHints":{"allow":["GET"]}}],"collection":[{"href":"https:\/\/elterritorialweb.com.ar\/web\/wp-json\/wp\/v2\/posts"}],"about":[{"href":"https:\/\/elterritorialweb.com.ar\/web\/wp-json\/wp\/v2\/types\/post"}],"author":[{"embeddable":true,"href":"https:\/\/elterritorialweb.com.ar\/web\/wp-json\/wp\/v2\/users\/2"}],"replies":[{"embeddable":true,"href":"https:\/\/elterritorialweb.com.ar\/web\/wp-json\/wp\/v2\/comments?post=32254"}],"version-history":[{"count":1,"href":"https:\/\/elterritorialweb.com.ar\/web\/wp-json\/wp\/v2\/posts\/32254\/revisions"}],"predecessor-version":[{"id":32255,"href":"https:\/\/elterritorialweb.com.ar\/web\/wp-json\/wp\/v2\/posts\/32254\/revisions\/32255"}],"wp:featuredmedia":[{"embeddable":true,"href":"https:\/\/elterritorialweb.com.ar\/web\/wp-json\/wp\/v2\/media\/27943"}],"wp:attachment":[{"href":"https:\/\/elterritorialweb.com.ar\/web\/wp-json\/wp\/v2\/media?parent=32254"}],"wp:term":[{"taxonomy":"category","embeddable":true,"href":"https:\/\/elterritorialweb.com.ar\/web\/wp-json\/wp\/v2\/categories?post=32254"},{"taxonomy":"post_tag","embeddable":true,"href":"https:\/\/elterritorialweb.com.ar\/web\/wp-json\/wp\/v2\/tags?post=32254"}],"curies":[{"name":"wp","href":"https:\/\/api.w.org\/{rel}","templated":true}]}}