{"id":32256,"date":"2022-01-04T02:34:42","date_gmt":"2022-01-04T02:34:42","guid":{"rendered":"http:\/\/elterritorialweb.com.ar\/web\/?p=32256"},"modified":"2022-01-04T02:34:42","modified_gmt":"2022-01-04T02:34:42","slug":"altos-niveles-de-ocupacion-hotelera-en-los-destinos-turisticos-argentinos","status":"publish","type":"post","link":"https:\/\/elterritorialweb.com.ar\/web\/altos-niveles-de-ocupacion-hotelera-en-los-destinos-turisticos-argentinos\/","title":{"rendered":"ALTOS NIVELES DE OCUPACI\u00d3N HOTELERA EN LOS DESTINOS TUR\u00cdSTICOS ARGENTINOS"},"content":{"rendered":"\n<p>Los principales destinos tur\u00edsticos argentinos iniciaron el a\u00f1o con altos niveles de ocupaci\u00f3n hotelera, como&nbsp;<strong>Mar del Plata<\/strong>, con 85%, en tanto San Carlos de&nbsp;<strong>Bariloche<\/strong>,&nbsp;<strong>Puerto Iguaz\u00fa<\/strong>&nbsp;y&nbsp;<strong>El Calafate&nbsp;<\/strong>superaban el 90% de su capacidad de hospedaje, lo que genera buenas perspectivas para toda la temporada de verano.<\/p>\n\n\n\n<p>Seg\u00fan registros de las provincias difundidos este lunes por el Ministerio de Turismo y Deportes (Minturdep), los restantes destinos de mayor concurrencia se manten\u00edan\u00a0<strong>por encima del 80%<\/strong>, en tanto los m\u00e1s peque\u00f1os -debido a su menor capacidad de hospedaje- rondaban el 100%.<\/p>\n\n\n\n<figure class=\"wp-block-image size-full\"><a href=\"https:\/\/i0.wp.com\/elterritorialweb.com.ar\/web\/wp-content\/uploads\/2022\/01\/FIM7A0dXsAQG2Ey.jpeg\"><img data-recalc-dims=\"1\" decoding=\"async\" width=\"640\" height=\"480\" data-src=\"https:\/\/i0.wp.com\/elterritorialweb.com.ar\/web\/wp-content\/uploads\/2022\/01\/FIM7A0dXsAQG2Ey.jpeg?resize=640%2C480\" alt=\"\" class=\"wp-image-32258 lazyload\" data-srcset=\"https:\/\/i0.wp.com\/elterritorialweb.com.ar\/web\/wp-content\/uploads\/2022\/01\/FIM7A0dXsAQG2Ey.jpeg?w=910&amp;ssl=1 910w, https:\/\/i0.wp.com\/elterritorialweb.com.ar\/web\/wp-content\/uploads\/2022\/01\/FIM7A0dXsAQG2Ey.jpeg?resize=300%2C225&amp;ssl=1 300w, https:\/\/i0.wp.com\/elterritorialweb.com.ar\/web\/wp-content\/uploads\/2022\/01\/FIM7A0dXsAQG2Ey.jpeg?resize=768%2C576&amp;ssl=1 768w\" data-sizes=\"(max-width: 640px) 100vw, 640px\" src=\"data:image\/svg+xml;base64,PHN2ZyB3aWR0aD0iMSIgaGVpZ2h0PSIxIiB4bWxucz0iaHR0cDovL3d3dy53My5vcmcvMjAwMC9zdmciPjwvc3ZnPg==\" style=\"--smush-placeholder-width: 640px; --smush-placeholder-aspect-ratio: 640\/480;\" \/><\/a><\/figure>\n\n\n\n<p>El principal destino tur\u00edstico veraniego de Argentina y el mayor de las provincias,&nbsp;<strong>Mar del Plata<\/strong>, con capacidad para 36.000 hu\u00e9spedes en sus hoteles, ten\u00eda una ocupaci\u00f3n de 85%, y se estima que ser\u00eda similar en una cantidad similar de plazas en establecimientos extrahoteleros.<\/p>\n\n\n\n<p><strong>Bariloche<\/strong>, el principal destino patag\u00f3nico ten\u00eda ocupado el 97% de sus 30.000 plazas en tanto la ciudad de las Cataratas, Puerto Iguaz\u00fa, con 15.000 camas; El Calafate, con 6.900 y Ushuaia, con 6.000, se encontraban por encima del 90%.<\/p>\n\n\n\n<p>En la zona atl\u00e1ntica de la provincia de Buenos Aires, adem\u00e1s de Mar del Plata se destacaba\u00a0<strong>Pinamar<\/strong>, con una ocupaci\u00f3n del 94% de sus 30.000 plazas, y el\u00a0<strong>Partido de la Costa<\/strong>, con 93% de sus 24.000 camas ocupadas, en tanto hab\u00eda alto porcentaje en la ciudad de\u00a0<strong>Villa Gesell<\/strong>.<\/p>\n\n\n\n<figure class=\"wp-block-image size-full\"><a href=\"https:\/\/i0.wp.com\/elterritorialweb.com.ar\/web\/wp-content\/uploads\/2022\/01\/600f1a508b92f.jpg\"><img data-recalc-dims=\"1\" decoding=\"async\" width=\"640\" height=\"379\" data-src=\"https:\/\/i0.wp.com\/elterritorialweb.com.ar\/web\/wp-content\/uploads\/2022\/01\/600f1a508b92f.jpg?resize=640%2C379\" alt=\"\" class=\"wp-image-32259 lazyload\" data-srcset=\"https:\/\/i0.wp.com\/elterritorialweb.com.ar\/web\/wp-content\/uploads\/2022\/01\/600f1a508b92f.jpg?w=773&amp;ssl=1 773w, https:\/\/i0.wp.com\/elterritorialweb.com.ar\/web\/wp-content\/uploads\/2022\/01\/600f1a508b92f.jpg?resize=300%2C178&amp;ssl=1 300w, https:\/\/i0.wp.com\/elterritorialweb.com.ar\/web\/wp-content\/uploads\/2022\/01\/600f1a508b92f.jpg?resize=768%2C455&amp;ssl=1 768w\" data-sizes=\"(max-width: 640px) 100vw, 640px\" src=\"data:image\/svg+xml;base64,PHN2ZyB3aWR0aD0iMSIgaGVpZ2h0PSIxIiB4bWxucz0iaHR0cDovL3d3dy53My5vcmcvMjAwMC9zdmciPjwvc3ZnPg==\" style=\"--smush-placeholder-width: 640px; --smush-placeholder-aspect-ratio: 640\/379;\" \/><\/a><\/figure>\n\n\n\n<p>Otro destino bonaerense con buena afluencia tur\u00edstica, fuera de la costa, es la ciudad serrana de&nbsp;<strong>Tandil<\/strong>, donde los turistas colmaron el 80% de sus 8.000 plazas hoteleras.<\/p>\n\n\n\n<p>La provincia de&nbsp;<strong>C\u00f3rdoba&nbsp;<\/strong>tambi\u00e9n manifestaban buenos niveles de ocupaci\u00f3n, encabezados por Villa Carlos Paz, el principal destino provincial, con una&nbsp;<strong>ocupaci\u00f3n del 80%<\/strong>&nbsp;de sus 60.000 camas, mientras en Mina Clavero era del&nbsp;<strong>85%&nbsp;<\/strong>sobre 13.000 plazas y en el Valle de Calamuchita destacaba Villa General Belgrano, que estaba al<strong>&nbsp;90%<\/strong>&nbsp;de sus 5.000 lugares.<\/p>\n\n\n\n<p>En la Patagonia, adem\u00e1s de Bariloche, El Calafate y Ushuaia, el a\u00f1o empez\u00f3 con buenos n\u00fameros en los neuquinos Villa La Angostura, con&nbsp;<strong>90%<\/strong>&nbsp;sobre 8.000 plazas y San Mart\u00edn de los Andes (7.000) , lo mismo que Puerto Madryn, en la costa de Chubut, con 6.600 camas.<\/p>\n\n\n\n<p>Las provincias cuyanas tambi\u00e9n disfrutan de un buen comienzo de 2022, en particular&nbsp;<strong>Mendoza<\/strong>, que&nbsp;<strong>superaba el 85%<\/strong>&nbsp;de ocupaci\u00f3n en sus 40.000 plazas, con San Rafael como uno de los destinos provinciales m\u00e1s elegidos, donde el 90% de sus 10.000 lugares hoteleros estaban ocupados.<\/p>\n\n\n\n<p>Tambi\u00e9n Villa de Merlo, el principal destino tur\u00edstico de\u00a0<strong>San Luis<\/strong>, con 15.000 camas, ten\u00eda un buen inicio de temporada al superar el<strong>\u00a096% de ocupaci\u00f3n<\/strong>, en tanto San Juan informaba de buenos registros en Calingasta y Valle F\u00e9rtil.<\/p>\n\n\n\n<figure class=\"wp-block-image size-full\"><a href=\"https:\/\/i0.wp.com\/elterritorialweb.com.ar\/web\/wp-content\/uploads\/2022\/01\/lg.webp\"><img data-recalc-dims=\"1\" decoding=\"async\" width=\"640\" height=\"480\" data-src=\"https:\/\/i0.wp.com\/elterritorialweb.com.ar\/web\/wp-content\/uploads\/2022\/01\/lg.webp?resize=640%2C480\" alt=\"\" class=\"wp-image-32260 lazyload\" src=\"data:image\/svg+xml;base64,PHN2ZyB3aWR0aD0iMSIgaGVpZ2h0PSIxIiB4bWxucz0iaHR0cDovL3d3dy53My5vcmcvMjAwMC9zdmciPjwvc3ZnPg==\" style=\"--smush-placeholder-width: 640px; --smush-placeholder-aspect-ratio: 640\/480;\" \/><\/a><\/figure>\n\n\n\n<p>En el Noroeste Argentino, la juje\u00f1a Quebrada de&nbsp;<strong>Humahuaca&nbsp;<\/strong>ten\u00eda ocupada en un 90% sus 7.000 plazas tur\u00edstica, mientras la provincia de&nbsp;<strong>Salta&nbsp;<\/strong>registraba un promedio de ocupaci\u00f3n hotelera del 80% sobre una disponibilidad de 20.400.<\/p>\n\n\n\n<p>En el litoral fluvial, la provincia de&nbsp;<strong>Corrientes<\/strong>, que dispone de unas 15.000 camas para el turismo, las ten\u00eda ocupadas en un&nbsp;<strong>80%<\/strong>, con altos niveles en las localidades de acceso a los Esteros del Iber\u00e1.<\/p>\n\n\n\n<p><strong>Entre R\u00edos<\/strong>, que cuenta con unas 54.000 camas tur\u00edsticas, inform\u00f3 de altos niveles de ocupaci\u00f3n en Federaci\u00f3n, Col\u00f3n y Gualeguaych\u00fa, esta \u00faltimo con el plus de su famoso Carnaval del Pa\u00eds como atractivo para enero y febrero.<\/p>\n\n\n\n<p>Respecto de estos datos, el ministro de Turismo y Deportes,&nbsp;<strong>Mat\u00edas Lammens<\/strong>, sostuvo que \u201ccon el impulso de Previaje, estamos viviendo una temporada de verano hist\u00f3rica, muy por encima de los niveles prepandemia\u201d.<\/p>\n\n\n\n<p>En el mismo informe, el funcionario agreg\u00f3: \u201c<strong>Nos llena de alegr\u00eda ver que destinos de todo el pa\u00eds est\u00e1n llegando a la ocupaci\u00f3n plena<\/strong>. Vamos a disfrutar de nuestras merecidas vacaciones, manteniendo los cuidados\u201d.<\/p>\n\n\n\n<figure class=\"wp-block-image size-large\"><a href=\"https:\/\/i0.wp.com\/elterritorialweb.com.ar\/web\/wp-content\/uploads\/2022\/01\/pre-viajes-20211007-1241950.jpg\"><img data-recalc-dims=\"1\" decoding=\"async\" width=\"640\" height=\"360\" data-src=\"https:\/\/i0.wp.com\/elterritorialweb.com.ar\/web\/wp-content\/uploads\/2022\/01\/pre-viajes-20211007-1241950.jpg?resize=640%2C360\" alt=\"\" class=\"wp-image-32261 lazyload\" data-srcset=\"https:\/\/i0.wp.com\/elterritorialweb.com.ar\/web\/wp-content\/uploads\/2022\/01\/pre-viajes-20211007-1241950.jpg?resize=1024%2C576&amp;ssl=1 1024w, https:\/\/i0.wp.com\/elterritorialweb.com.ar\/web\/wp-content\/uploads\/2022\/01\/pre-viajes-20211007-1241950.jpg?resize=300%2C169&amp;ssl=1 300w, https:\/\/i0.wp.com\/elterritorialweb.com.ar\/web\/wp-content\/uploads\/2022\/01\/pre-viajes-20211007-1241950.jpg?resize=768%2C432&amp;ssl=1 768w, https:\/\/i0.wp.com\/elterritorialweb.com.ar\/web\/wp-content\/uploads\/2022\/01\/pre-viajes-20211007-1241950.jpg?w=1280&amp;ssl=1 1280w\" data-sizes=\"(max-width: 640px) 100vw, 640px\" src=\"data:image\/svg+xml;base64,PHN2ZyB3aWR0aD0iMSIgaGVpZ2h0PSIxIiB4bWxucz0iaHR0cDovL3d3dy53My5vcmcvMjAwMC9zdmciPjwvc3ZnPg==\" style=\"--smush-placeholder-width: 640px; --smush-placeholder-aspect-ratio: 640\/360;\" \/><\/a><\/figure>\n\n\n\n<p>El documento agrega declaraciones del presidente de la C\u00e1mara Argentina de Turismo (CAT), Gustavo Hani, quien asegur\u00f3 que \u00abse ha recuperado la din\u00e1mica de las temporadas prepandemia\u00bb.<\/p>\n\n\n\n<p>\u00abHoy -continu\u00f3 el presidente de la CAT- la tendencia marca que tanto el consumo en gastronom\u00eda como en las distintas prestaciones tur\u00edsticas se han motorizado, en gran medida, con la utilizaci\u00f3n de la tarjeta PreViaje\u201d.<\/p>\n\n\n\n<p>El comunicado indica que \u00abde acuerdo a informaci\u00f3n oficial,\u00a0<strong>cuatro millones de argentinas y argentinos ya utilizaron el programa PreViaje, que devuelve el 50% de los gastos en cr\u00e9dito para volver a usar en el sector tur\u00edstico\u00bb.<\/strong><\/p>\n\n\n\n<figure class=\"wp-block-image size-large\"><a href=\"https:\/\/i0.wp.com\/elterritorialweb.com.ar\/web\/wp-content\/uploads\/2022\/01\/FIM7A0zXoAEYY0I.jpeg\"><img data-recalc-dims=\"1\" decoding=\"async\" width=\"640\" height=\"480\" data-src=\"https:\/\/i0.wp.com\/elterritorialweb.com.ar\/web\/wp-content\/uploads\/2022\/01\/FIM7A0zXoAEYY0I.jpeg?resize=640%2C480\" alt=\"\" class=\"wp-image-32262 lazyload\" data-srcset=\"https:\/\/i0.wp.com\/elterritorialweb.com.ar\/web\/wp-content\/uploads\/2022\/01\/FIM7A0zXoAEYY0I.jpeg?resize=1024%2C768&amp;ssl=1 1024w, https:\/\/i0.wp.com\/elterritorialweb.com.ar\/web\/wp-content\/uploads\/2022\/01\/FIM7A0zXoAEYY0I.jpeg?resize=300%2C225&amp;ssl=1 300w, https:\/\/i0.wp.com\/elterritorialweb.com.ar\/web\/wp-content\/uploads\/2022\/01\/FIM7A0zXoAEYY0I.jpeg?resize=768%2C576&amp;ssl=1 768w, https:\/\/i0.wp.com\/elterritorialweb.com.ar\/web\/wp-content\/uploads\/2022\/01\/FIM7A0zXoAEYY0I.jpeg?w=1136&amp;ssl=1 1136w\" data-sizes=\"(max-width: 640px) 100vw, 640px\" src=\"data:image\/svg+xml;base64,PHN2ZyB3aWR0aD0iMSIgaGVpZ2h0PSIxIiB4bWxucz0iaHR0cDovL3d3dy53My5vcmcvMjAwMC9zdmciPjwvc3ZnPg==\" style=\"--smush-placeholder-width: 640px; --smush-placeholder-aspect-ratio: 640\/480;\" \/><\/a><\/figure>\n\n\n\n<p>Mediante este plan se cargaron facturas por m\u00e1s de 95.000 millones de pesos, \u00ablo que nonuplica la facturaci\u00f3n de la primera edici\u00f3n\u00bb, agrega.<\/p>\n\n\n\n<p>Los destinos m\u00e1s elegidos por los usuarios de Previaje son San Carlos de Bariloche, Ushuaia, Mar del Plata, El Calafate, Puerto Iguaz\u00fa, Salta, Mendoza, Ciudad de Buenos Aires, Villa Carlos Paz y San Mart\u00edn de los Andes.<\/p>\n","protected":false},"excerpt":{"rendered":"<p>Los destinos de mayor concurrencia a nivel nacional se mantienen por encima del 85 %, encabezados por San Carlos de Bariloche, Puerto Iguaz\u00fa, El Calafate y Mar del Plata, seg\u00fan registros de las provincias difundidos por el Ministerio de Turismo y Deportes.<\/p>\n","protected":false},"author":2,"featured_media":32257,"comment_status":"open","ping_status":"open","sticky":false,"template":"","format":"standard","meta":{"om_disable_all_campaigns":false,"_monsterinsights_skip_tracking":false,"_monsterinsights_sitenote_active":false,"_monsterinsights_sitenote_note":"","_monsterinsights_sitenote_category":0,"_uf_show_specific_survey":0,"_uf_disable_surveys":false,"jetpack_post_was_ever_published":false,"_jetpack_newsletter_access":"","_jetpack_dont_email_post_to_subs":false,"_jetpack_newsletter_tier_id":0,"_jetpack_memberships_contains_paywalled_content":false,"_jetpack_memberships_contains_paid_content":false,"footnotes":"","jetpack_publicize_message":"","jetpack_publicize_feature_enabled":true,"jetpack_social_post_already_shared":false,"jetpack_social_options":{"image_generator_settings":{"template":"highway","default_image_id":0,"font":"","enabled":false},"version":2}},"categories":[7],"tags":[],"class_list":["post-32256","post","type-post","status-publish","format-standard","has-post-thumbnail","hentry","category-nacionales"],"aioseo_notices":[],"views":4,"jetpack_publicize_connections":[],"jetpack_featured_media_url":"https:\/\/i0.wp.com\/elterritorialweb.com.ar\/web\/wp-content\/uploads\/2022\/01\/f608x342-685441_715164_15.jpg?fit=608%2C342&ssl=1","jetpack_sharing_enabled":true,"_links":{"self":[{"href":"https:\/\/elterritorialweb.com.ar\/web\/wp-json\/wp\/v2\/posts\/32256","targetHints":{"allow":["GET"]}}],"collection":[{"href":"https:\/\/elterritorialweb.com.ar\/web\/wp-json\/wp\/v2\/posts"}],"about":[{"href":"https:\/\/elterritorialweb.com.ar\/web\/wp-json\/wp\/v2\/types\/post"}],"author":[{"embeddable":true,"href":"https:\/\/elterritorialweb.com.ar\/web\/wp-json\/wp\/v2\/users\/2"}],"replies":[{"embeddable":true,"href":"https:\/\/elterritorialweb.com.ar\/web\/wp-json\/wp\/v2\/comments?post=32256"}],"version-history":[{"count":1,"href":"https:\/\/elterritorialweb.com.ar\/web\/wp-json\/wp\/v2\/posts\/32256\/revisions"}],"predecessor-version":[{"id":32263,"href":"https:\/\/elterritorialweb.com.ar\/web\/wp-json\/wp\/v2\/posts\/32256\/revisions\/32263"}],"wp:featuredmedia":[{"embeddable":true,"href":"https:\/\/elterritorialweb.com.ar\/web\/wp-json\/wp\/v2\/media\/32257"}],"wp:attachment":[{"href":"https:\/\/elterritorialweb.com.ar\/web\/wp-json\/wp\/v2\/media?parent=32256"}],"wp:term":[{"taxonomy":"category","embeddable":true,"href":"https:\/\/elterritorialweb.com.ar\/web\/wp-json\/wp\/v2\/categories?post=32256"},{"taxonomy":"post_tag","embeddable":true,"href":"https:\/\/elterritorialweb.com.ar\/web\/wp-json\/wp\/v2\/tags?post=32256"}],"curies":[{"name":"wp","href":"https:\/\/api.w.org\/{rel}","templated":true}]}}