{"id":32265,"date":"2022-01-04T03:19:45","date_gmt":"2022-01-04T03:19:45","guid":{"rendered":"http:\/\/elterritorialweb.com.ar\/web\/?p=32265"},"modified":"2022-01-04T04:47:40","modified_gmt":"2022-01-04T04:47:40","slug":"la-ex-leona-laura-aladro-pide-por-su-hijo-de-tres-anos-que-necesita-un-transplante-de-corazon-para-seguir-viviendo","status":"publish","type":"post","link":"https:\/\/elterritorialweb.com.ar\/web\/la-ex-leona-laura-aladro-pide-por-su-hijo-de-tres-anos-que-necesita-un-transplante-de-corazon-para-seguir-viviendo\/","title":{"rendered":"LA EX LEONA LAURA ALADRO PIDE POR SU HIJO DE TRES A\u00d1OS QUE NECESITA UN TRANSPLANTE DE CORAZ\u00d3N PARA SEGUIR VIVIENDO"},"content":{"rendered":"\n<p>\u00abPido perd\u00f3n porque no estamos haciendo notas porque todav\u00eda&nbsp;<strong>no estamos fuertes para hablar de este tema sin quebrarnos. Y queremos ser fuertes<\/strong>&nbsp;en el momento de transmitir\u00bb, es lo primero que dijo Laura Aladro a punto de llorar, en el noticiero de Telefe. Es que&nbsp;<strong>Isidro, su hijo de 3 a\u00f1os, est\u00e1 internado en el Hospital Italiano a la espera de un trasplante de coraz\u00f3n.<\/strong>&nbsp;Su estado es tan grave que est\u00e1 en emergencia nacional.<\/p>\n\n\n\n<p>El lunes 27 (de diciembre) nos dijeron que Isidro pasaba a un estado de emergencia porque su corazoncito no iba a poder recuperarse. Y&nbsp;<strong>nos invadi\u00f3 la impotencia<\/strong>&nbsp;y lo que sucede en estos momentos de incertidumbre\u00bb, sigui\u00f3 diciendo al filo del quiebre. La familia se tuvo que trasladar de Tandil a Buenos Aires de manera intempestiva ante la gravedad de la situaci\u00f3n, y desde el 27 de noviembre, Isi est\u00e1 internado en el Hospital Italiano.<\/p>\n\n\n\n<p>Isidro comenz\u00f3 con dolores de estomago y v\u00f3mitos. Despu\u00e9s lleg\u00f3 el diagn\u00f3stico de la miocarditis y la urgencia del trasplante porque el coraz\u00f3n de Isidro no se va a recuperar m\u00e1s. De inmediato se organiz\u00f3 una campa\u00f1a y se cre\u00f3 la cuenta en Instagram @<a href=\"https:\/\/www.instagram.com\/uncorazonparaisi\/\">uncorazonparaisi<\/a>.<\/p>\n\n\n\n<figure class=\"wp-block-image size-full\"><a href=\"https:\/\/i0.wp.com\/elterritorialweb.com.ar\/web\/wp-content\/uploads\/2022\/01\/uncorazonparaisi_270286046_657148588813251_575773477482041948_n.webp-740x925.jpg.webp\"><img data-recalc-dims=\"1\" decoding=\"async\" width=\"640\" height=\"800\" data-src=\"https:\/\/i0.wp.com\/elterritorialweb.com.ar\/web\/wp-content\/uploads\/2022\/01\/uncorazonparaisi_270286046_657148588813251_575773477482041948_n.webp-740x925.jpg.webp?resize=640%2C800\" alt=\"\" class=\"wp-image-32267 lazyload\" src=\"data:image\/svg+xml;base64,PHN2ZyB3aWR0aD0iMSIgaGVpZ2h0PSIxIiB4bWxucz0iaHR0cDovL3d3dy53My5vcmcvMjAwMC9zdmciPjwvc3ZnPg==\" style=\"--smush-placeholder-width: 640px; --smush-placeholder-aspect-ratio: 640\/800;\" \/><\/a><figcaption>foto de la Campa\u00f1a <\/figcaption><\/figure>\n\n\n\n<p>\u00abTengo muchas ganas de seguir jugando y seguir creciendo como venia haci\u00e9ndolo hace solo dos meses, cuando empec\u00e9 a sentirme mal\u00bb, se lee en el comunicado que emiti\u00f3 la familia y se viraliz\u00f3 en las redes. \u00abLes pido que difundan mi mensaje, para que conozcan mi historia y puedan tomar la decisi\u00f3n que tanto cuesta, pero que ayudar\u00eda a muchos nenes como yo\u00bb, agrega el mensaje.<\/p>\n\n\n\n<p>Los tratamientos que le est\u00e1n aplicando al coraz\u00f3n de Isidro ya no hacen efecto, adem\u00e1s, las drogas podr\u00edan descompensar a otros \u00f3rganos. De ah\u00ed la urgencia del trasplante. Isidro no puede esperar.<\/p>\n\n\n\n<p>\u00abEl hecho de saber que uno cuando ya no est\u00e1 puede seguir salvando vidas&#8230; Queremos movilizarlo desde el amor, desde la consciencia\u00bb, expresa conmovida su mam\u00e1.<\/p>\n\n\n\n<p>\u00abEl lunes no avisaron y cuando el mi\u00e9rcoles estuve m\u00e1s entera, pude hablar con la m\u00e9dica. Y le dije qu\u00e9 podemos hacer para ayudar a Isi. Y ellos nos dijeron que cuando se hacen campa\u00f1as de concientizaci\u00f3n quiz\u00e1 cuando un padre que est\u00e1 en dudas, le da claridad y eso salva a siete nenes, siete vidas\u00bb, explic\u00f3 Laura. Y cerr\u00f3 diciendo: \u00abSabiendo que quiz\u00e1s lleguemos a un padre o a diez, hay un cambio y vale la pena todo esto\u00bb.<\/p>\n\n\n\n<p><\/p>\n","protected":false},"excerpt":{"rendered":"<p>La exLeona campeona con el seleccionado de hockey femenino, Laura Aladro vive el peor momento de su vida: a fines de diciembre le confirmaron que es irreversible la miocarditis que sufre su hijo de 3 a\u00f1os. <\/p>\n","protected":false},"author":2,"featured_media":32271,"comment_status":"open","ping_status":"open","sticky":false,"template":"","format":"standard","meta":{"om_disable_all_campaigns":false,"_monsterinsights_skip_tracking":false,"_monsterinsights_sitenote_active":false,"_monsterinsights_sitenote_note":"","_monsterinsights_sitenote_category":0,"_uf_show_specific_survey":0,"_uf_disable_surveys":false,"jetpack_post_was_ever_published":false,"_jetpack_newsletter_access":"","_jetpack_dont_email_post_to_subs":false,"_jetpack_newsletter_tier_id":0,"_jetpack_memberships_contains_paywalled_content":false,"_jetpack_memberships_contains_paid_content":false,"footnotes":"","jetpack_publicize_message":"","jetpack_publicize_feature_enabled":true,"jetpack_social_post_already_shared":false,"jetpack_social_options":{"image_generator_settings":{"template":"highway","default_image_id":0,"font":"","enabled":false},"version":2}},"categories":[7],"tags":[],"class_list":["post-32265","post","type-post","status-publish","format-standard","has-post-thumbnail","hentry","category-nacionales"],"aioseo_notices":[],"views":18,"jetpack_publicize_connections":[],"jetpack_featured_media_url":"https:\/\/i0.wp.com\/elterritorialweb.com.ar\/web\/wp-content\/uploads\/2022\/01\/png_20220104_014618_0000.png?fit=2000%2C1600&ssl=1","jetpack_sharing_enabled":true,"_links":{"self":[{"href":"https:\/\/elterritorialweb.com.ar\/web\/wp-json\/wp\/v2\/posts\/32265","targetHints":{"allow":["GET"]}}],"collection":[{"href":"https:\/\/elterritorialweb.com.ar\/web\/wp-json\/wp\/v2\/posts"}],"about":[{"href":"https:\/\/elterritorialweb.com.ar\/web\/wp-json\/wp\/v2\/types\/post"}],"author":[{"embeddable":true,"href":"https:\/\/elterritorialweb.com.ar\/web\/wp-json\/wp\/v2\/users\/2"}],"replies":[{"embeddable":true,"href":"https:\/\/elterritorialweb.com.ar\/web\/wp-json\/wp\/v2\/comments?post=32265"}],"version-history":[{"count":3,"href":"https:\/\/elterritorialweb.com.ar\/web\/wp-json\/wp\/v2\/posts\/32265\/revisions"}],"predecessor-version":[{"id":32272,"href":"https:\/\/elterritorialweb.com.ar\/web\/wp-json\/wp\/v2\/posts\/32265\/revisions\/32272"}],"wp:featuredmedia":[{"embeddable":true,"href":"https:\/\/elterritorialweb.com.ar\/web\/wp-json\/wp\/v2\/media\/32271"}],"wp:attachment":[{"href":"https:\/\/elterritorialweb.com.ar\/web\/wp-json\/wp\/v2\/media?parent=32265"}],"wp:term":[{"taxonomy":"category","embeddable":true,"href":"https:\/\/elterritorialweb.com.ar\/web\/wp-json\/wp\/v2\/categories?post=32265"},{"taxonomy":"post_tag","embeddable":true,"href":"https:\/\/elterritorialweb.com.ar\/web\/wp-json\/wp\/v2\/tags?post=32265"}],"curies":[{"name":"wp","href":"https:\/\/api.w.org\/{rel}","templated":true}]}}