{"id":32273,"date":"2022-01-04T05:01:06","date_gmt":"2022-01-04T05:01:06","guid":{"rendered":"http:\/\/elterritorialweb.com.ar\/web\/?p=32273"},"modified":"2022-01-04T05:01:07","modified_gmt":"2022-01-04T05:01:07","slug":"potenciar-trabajo-fecha-de-cobro-y-monto-de-enero-2022","status":"publish","type":"post","link":"https:\/\/elterritorialweb.com.ar\/web\/potenciar-trabajo-fecha-de-cobro-y-monto-de-enero-2022\/","title":{"rendered":"POTENCIAR TRABAJO: FECHA DE COBRO Y MONTO DE ENERO 2022"},"content":{"rendered":"\n<p>El Ministerio de Desarrollo Social inform\u00f3 cu\u00e1les ser\u00e1n\u00a0<strong>las fechas de cobro del Plan Potenciar Trabajo, como as\u00ed tambi\u00e9n los montos que percibir\u00e1n los beneficiarios el mes de enero de 2022<\/strong>.<\/p>\n\n\n\n<p>Despu\u00e9s del bono extraordinario de $8.000, entregado el 20 de diciembre mediante la Administraci\u00f3n Nacional de la Seguridad Social (ANSES), organismo conducido por Fernanda Raverta, se espera que la retribuci\u00f3n sea completa<strong>. La fecha de pago y toda la informaci\u00f3n relacionada podr\u00e1 obtenerse desde la app Mi Argentina.<\/strong><\/p>\n\n\n\n<p><strong>Potenciar Trabajo tiene como fin mejorar el empleo<\/strong>&nbsp;y generar nuevas propuestas productivas para impulsar la inclusi\u00f3n social sobre todo en personas que est\u00e9n en situaci\u00f3n de vulnerabilidad social y econ\u00f3mica.<\/p>\n\n\n\n<h3 class=\"wp-block-heading\">Potenciar Trabajo: calendario de pagos en enero 2022<\/h3>\n\n\n\n<p>El calendario de pagos podr\u00e1 conocerse a partir del pr\u00f3ximo mi\u00e9rcoles 5 de enero.<\/p>\n\n\n\n<h3 class=\"wp-block-heading\">Potenciar Trabajo: cu\u00e1l ser\u00e1 el monto a cobrar en enero 2022<\/h3>\n\n\n\n<p>Seg\u00fan la liquidaci\u00f3n del Ministerio de Desarrollo Social, en enero el pago ser\u00e1 de $16 mil. A partir de marzo, el importe ascender\u00e1 a $16.500 por el aumento del 3% del Salario Vital y M\u00f3vil.<\/p>\n\n\n\n<h3 class=\"wp-block-heading\">C\u00f3mo saber si estoy inscripto en Potenciar Trabajo<\/h3>\n\n\n\n<p>Para saber si est\u00e1s dentro del programa Potenciar Trabajo, ten\u00e9s que ingresar a la app Mi Argentina, que cuenta con todos los datos personales e informaci\u00f3n de tr\u00e1mites y servicios del Estado.<\/p>\n\n\n\n<p><strong>En la pesta\u00f1a \u00abMis Cobros\u00bb aparecen todos los planes y programas de ANSES y el Ministerio de Desarrollo Socia<\/strong>l que recibe cada beneficiario.<\/p>\n\n\n\n<p><\/p>\n","protected":false},"excerpt":{"rendered":"<p>El Ministerio de Desarrollo Social dio a conocer fechas e importes correspondientes al programa. Todos los detalles.<\/p>\n","protected":false},"author":2,"featured_media":32274,"comment_status":"open","ping_status":"open","sticky":false,"template":"","format":"standard","meta":{"om_disable_all_campaigns":false,"_monsterinsights_skip_tracking":false,"_monsterinsights_sitenote_active":false,"_monsterinsights_sitenote_note":"","_monsterinsights_sitenote_category":0,"_uf_show_specific_survey":0,"_uf_disable_surveys":false,"jetpack_post_was_ever_published":false,"_jetpack_newsletter_access":"","_jetpack_dont_email_post_to_subs":false,"_jetpack_newsletter_tier_id":0,"_jetpack_memberships_contains_paywalled_content":false,"_jetpack_memberships_contains_paid_content":false,"footnotes":"","jetpack_publicize_message":"","jetpack_publicize_feature_enabled":true,"jetpack_social_post_already_shared":false,"jetpack_social_options":{"image_generator_settings":{"template":"highway","default_image_id":0,"font":"","enabled":false},"version":2}},"categories":[2],"tags":[],"class_list":["post-32273","post","type-post","status-publish","format-standard","has-post-thumbnail","hentry","category-economia"],"aioseo_notices":[],"views":176,"jetpack_publicize_connections":[],"jetpack_featured_media_url":"https:\/\/i0.wp.com\/elterritorialweb.com.ar\/web\/wp-content\/uploads\/2022\/01\/anses_jubilados.jpg_792575817.jpg?fit=1200%2C1200&ssl=1","jetpack_sharing_enabled":true,"_links":{"self":[{"href":"https:\/\/elterritorialweb.com.ar\/web\/wp-json\/wp\/v2\/posts\/32273","targetHints":{"allow":["GET"]}}],"collection":[{"href":"https:\/\/elterritorialweb.com.ar\/web\/wp-json\/wp\/v2\/posts"}],"about":[{"href":"https:\/\/elterritorialweb.com.ar\/web\/wp-json\/wp\/v2\/types\/post"}],"author":[{"embeddable":true,"href":"https:\/\/elterritorialweb.com.ar\/web\/wp-json\/wp\/v2\/users\/2"}],"replies":[{"embeddable":true,"href":"https:\/\/elterritorialweb.com.ar\/web\/wp-json\/wp\/v2\/comments?post=32273"}],"version-history":[{"count":1,"href":"https:\/\/elterritorialweb.com.ar\/web\/wp-json\/wp\/v2\/posts\/32273\/revisions"}],"predecessor-version":[{"id":32275,"href":"https:\/\/elterritorialweb.com.ar\/web\/wp-json\/wp\/v2\/posts\/32273\/revisions\/32275"}],"wp:featuredmedia":[{"embeddable":true,"href":"https:\/\/elterritorialweb.com.ar\/web\/wp-json\/wp\/v2\/media\/32274"}],"wp:attachment":[{"href":"https:\/\/elterritorialweb.com.ar\/web\/wp-json\/wp\/v2\/media?parent=32273"}],"wp:term":[{"taxonomy":"category","embeddable":true,"href":"https:\/\/elterritorialweb.com.ar\/web\/wp-json\/wp\/v2\/categories?post=32273"},{"taxonomy":"post_tag","embeddable":true,"href":"https:\/\/elterritorialweb.com.ar\/web\/wp-json\/wp\/v2\/tags?post=32273"}],"curies":[{"name":"wp","href":"https:\/\/api.w.org\/{rel}","templated":true}]}}