{"id":32276,"date":"2022-01-04T05:24:56","date_gmt":"2022-01-04T05:24:56","guid":{"rendered":"http:\/\/elterritorialweb.com.ar\/web\/?p=32276"},"modified":"2022-01-04T05:27:09","modified_gmt":"2022-01-04T05:27:09","slug":"eduardo-dominguez-es-el-nuevo-dt-de-independiente","status":"publish","type":"post","link":"https:\/\/elterritorialweb.com.ar\/web\/eduardo-dominguez-es-el-nuevo-dt-de-independiente\/","title":{"rendered":"EDUARDO DOM\u00cdNGUEZ ES EL NUEVO DT DE INDEPENDIENTE"},"content":{"rendered":"\n<p><strong>Eduardo Dom\u00ednguez ser\u00e1 el director t\u00e9cnico de\u00a0Independiente\u00a0en la temporada 2022<\/strong>\u00a0y en las pr\u00f3ximas horas le pondr\u00e1 la firma al v\u00ednculo que lo unir\u00e1 hasta el 31 de diciembre de este a\u00f1o.<\/p>\n\n\n\n<p>El exentrenador de Col\u00f3n, club con el que consigui\u00f3 la Copa de la Liga 2021, mantuvo una reuni\u00f3n este lunes y&nbsp;<strong>se puso de acuerdo con las autoridades del Rojo y con el asesor deportivo, Daniel \u00abRolfi\u00bb Montenegro<\/strong>.<\/p>\n\n\n\n<p>A Dom\u00ednguez lo espera un desaf\u00edo muy complejo, ya que&nbsp;<strong>la instituci\u00f3n de Avellaneda no logra un campeonato local desde el Apertura 2002.<\/strong>&nbsp;Durante esta temporada&nbsp;<strong>adem\u00e1s del campeonato local, tendr\u00e1 que afrontar la Copa Argentina y la Copa Sudamericana.<\/strong><\/p>\n\n\n\n<p>El flamante DT&nbsp;<strong>recorrer\u00e1 las instalaciones de Independiente el martes por la ma\u00f1ana y luego ser\u00e1 presentado oficialmente<\/strong>. A los 43 a\u00f1os, dirigir\u00e1 el cuarto club de su carrera luego de trabajar en Hurac\u00e1n, Nacional de Montevideo y Col\u00f3n de Santa Fe.<\/p>\n","protected":false},"excerpt":{"rendered":"<p>El entrenador lleg\u00f3 a un acuerdo con la dirigencia y en los pr\u00f3ximos d\u00edas firmar\u00e1 contrato por un a\u00f1o.<\/p>\n","protected":false},"author":2,"featured_media":32277,"comment_status":"open","ping_status":"open","sticky":false,"template":"","format":"standard","meta":{"om_disable_all_campaigns":false,"_monsterinsights_skip_tracking":false,"_monsterinsights_sitenote_active":false,"_monsterinsights_sitenote_note":"","_monsterinsights_sitenote_category":0,"_uf_show_specific_survey":0,"_uf_disable_surveys":false,"jetpack_post_was_ever_published":false,"_jetpack_newsletter_access":"","_jetpack_dont_email_post_to_subs":false,"_jetpack_newsletter_tier_id":0,"_jetpack_memberships_contains_paywalled_content":false,"_jetpack_memberships_contains_paid_content":false,"footnotes":"","jetpack_publicize_message":"","jetpack_publicize_feature_enabled":true,"jetpack_social_post_already_shared":false,"jetpack_social_options":{"image_generator_settings":{"template":"highway","default_image_id":0,"font":"","enabled":false},"version":2}},"categories":[6],"tags":[],"class_list":["post-32276","post","type-post","status-publish","format-standard","has-post-thumbnail","hentry","category-deportes"],"aioseo_notices":[],"views":17,"jetpack_publicize_connections":[],"jetpack_featured_media_url":"https:\/\/i0.wp.com\/elterritorialweb.com.ar\/web\/wp-content\/uploads\/2022\/01\/Eduardo-Dominguez-hincha-de-scaled-1.jpg?fit=2560%2C1438&ssl=1","jetpack_sharing_enabled":true,"_links":{"self":[{"href":"https:\/\/elterritorialweb.com.ar\/web\/wp-json\/wp\/v2\/posts\/32276","targetHints":{"allow":["GET"]}}],"collection":[{"href":"https:\/\/elterritorialweb.com.ar\/web\/wp-json\/wp\/v2\/posts"}],"about":[{"href":"https:\/\/elterritorialweb.com.ar\/web\/wp-json\/wp\/v2\/types\/post"}],"author":[{"embeddable":true,"href":"https:\/\/elterritorialweb.com.ar\/web\/wp-json\/wp\/v2\/users\/2"}],"replies":[{"embeddable":true,"href":"https:\/\/elterritorialweb.com.ar\/web\/wp-json\/wp\/v2\/comments?post=32276"}],"version-history":[{"count":1,"href":"https:\/\/elterritorialweb.com.ar\/web\/wp-json\/wp\/v2\/posts\/32276\/revisions"}],"predecessor-version":[{"id":32278,"href":"https:\/\/elterritorialweb.com.ar\/web\/wp-json\/wp\/v2\/posts\/32276\/revisions\/32278"}],"wp:featuredmedia":[{"embeddable":true,"href":"https:\/\/elterritorialweb.com.ar\/web\/wp-json\/wp\/v2\/media\/32277"}],"wp:attachment":[{"href":"https:\/\/elterritorialweb.com.ar\/web\/wp-json\/wp\/v2\/media?parent=32276"}],"wp:term":[{"taxonomy":"category","embeddable":true,"href":"https:\/\/elterritorialweb.com.ar\/web\/wp-json\/wp\/v2\/categories?post=32276"},{"taxonomy":"post_tag","embeddable":true,"href":"https:\/\/elterritorialweb.com.ar\/web\/wp-json\/wp\/v2\/tags?post=32276"}],"curies":[{"name":"wp","href":"https:\/\/api.w.org\/{rel}","templated":true}]}}