{"id":32279,"date":"2022-01-04T05:32:13","date_gmt":"2022-01-04T05:32:13","guid":{"rendered":"http:\/\/elterritorialweb.com.ar\/web\/?p=32279"},"modified":"2022-01-04T05:32:30","modified_gmt":"2022-01-04T05:32:30","slug":"la-recaudacion-impositiva-crecio-en-diciembre-736-interanual","status":"publish","type":"post","link":"https:\/\/elterritorialweb.com.ar\/web\/la-recaudacion-impositiva-crecio-en-diciembre-736-interanual\/","title":{"rendered":"LA RECAUDACI\u00d3N IMPOSITIVA CRECI\u00d3 EN DICIEMBRE 73,6% INTERANUAL"},"content":{"rendered":"\n<p><strong>La recaudaci\u00f3n impositiva creci\u00f3 en diciembre 73,6% interanual<\/strong>\u00a0<strong>y aport\u00f3 a que el 2021 cerrara con un alza del 65,9%<\/strong>, lo que permiti\u00f3 la consolidaci\u00f3n del crecimiento real a lo largo de todos los meses del a\u00f1o, a partir de la recuperaci\u00f3n de la actividad econ\u00f3mica que hab\u00eda anunciado el presidente\u00a0Alberto Fern\u00e1ndez. Asimismo, en el acumulado,\u00a0<strong>el Estado Nacional obtuvo $11.004.880 millones.<\/strong><\/p>\n\n\n\n<p>El Ministerio de Econom\u00eda inform\u00f3 que&nbsp;<strong>hubo una fuerte aceleraci\u00f3n del crecimiento de tributos asociados a la actividad econ\u00f3mica, los vinculados a la Seguridad Social<\/strong>&nbsp;y tambi\u00e9n se destacaron las reformas introducidas a trav\u00e9s de la Ley de Solidaridad Social y Reactivaci\u00f3n Productiva por eso, la<strong>&nbsp;recaudaci\u00f3n de diciembre alcanz\u00f3 la cifra de $1.179.890 millones.<\/strong><\/p>\n\n\n\n<p><strong>\u00abLos tributos que responden con mayor inmediatez a la actividad econ\u00f3mica crecieron 71,1%\u00bb<\/strong>, detall\u00f3 el informo del Ministerio que lidera\u00a0Mart\u00edn Guzm\u00e1n. Adem\u00e1s,<strong>\u00a0\u00abevolucionaron positivamente el IVA (61,7%), el impuesto a los Combustibles (52,9%), los Internos Coparticipados (62,2%) y el Impuesto a los Cr\u00e9ditos y D\u00e9bitos (82,9%)\u00bb<\/strong>.<\/p>\n\n\n\n<p>Por otra parte, la cartera econ\u00f3mica resalt\u00f3 que los tributos del Comercio Exterior mostraron el crecimiento de los meses anteriores:&nbsp;<strong>\u00abRegistraron un incremento de 142,8%. El principal impulso fue aportado por los Derechos de Exportaci\u00f3n, con un aumento de 194%<\/strong>. Por otro lado, los Derechos de Importaci\u00f3n y Tasa Estad\u00edstica crecieron en su conjunto 81,5%\u00bb.<\/p>\n","protected":false},"excerpt":{"rendered":"<p>El Ministerio de Econom\u00eda inform\u00f3 que en diciembre la suba interanual fue del 73,6% y que en el a\u00f1o se obtuvieron m\u00e1s de 11 mil millones de pesos.<\/p>\n","protected":false},"author":2,"featured_media":32280,"comment_status":"open","ping_status":"open","sticky":false,"template":"","format":"standard","meta":{"om_disable_all_campaigns":false,"_monsterinsights_skip_tracking":false,"_monsterinsights_sitenote_active":false,"_monsterinsights_sitenote_note":"","_monsterinsights_sitenote_category":0,"_uf_show_specific_survey":0,"_uf_disable_surveys":false,"jetpack_post_was_ever_published":false,"_jetpack_newsletter_access":"","_jetpack_dont_email_post_to_subs":false,"_jetpack_newsletter_tier_id":0,"_jetpack_memberships_contains_paywalled_content":false,"_jetpack_memberships_contains_paid_content":false,"footnotes":"","jetpack_publicize_message":"","jetpack_publicize_feature_enabled":true,"jetpack_social_post_already_shared":false,"jetpack_social_options":{"image_generator_settings":{"template":"highway","default_image_id":0,"font":"","enabled":false},"version":2}},"categories":[2],"tags":[],"class_list":["post-32279","post","type-post","status-publish","format-standard","has-post-thumbnail","hentry","category-economia"],"aioseo_notices":[],"views":8,"jetpack_publicize_connections":[],"jetpack_featured_media_url":"https:\/\/i0.wp.com\/elterritorialweb.com.ar\/web\/wp-content\/uploads\/2022\/01\/ministro-de-economia-martin-guzman-1158675.jpg?fit=950%2C534&ssl=1","jetpack_sharing_enabled":true,"_links":{"self":[{"href":"https:\/\/elterritorialweb.com.ar\/web\/wp-json\/wp\/v2\/posts\/32279","targetHints":{"allow":["GET"]}}],"collection":[{"href":"https:\/\/elterritorialweb.com.ar\/web\/wp-json\/wp\/v2\/posts"}],"about":[{"href":"https:\/\/elterritorialweb.com.ar\/web\/wp-json\/wp\/v2\/types\/post"}],"author":[{"embeddable":true,"href":"https:\/\/elterritorialweb.com.ar\/web\/wp-json\/wp\/v2\/users\/2"}],"replies":[{"embeddable":true,"href":"https:\/\/elterritorialweb.com.ar\/web\/wp-json\/wp\/v2\/comments?post=32279"}],"version-history":[{"count":1,"href":"https:\/\/elterritorialweb.com.ar\/web\/wp-json\/wp\/v2\/posts\/32279\/revisions"}],"predecessor-version":[{"id":32281,"href":"https:\/\/elterritorialweb.com.ar\/web\/wp-json\/wp\/v2\/posts\/32279\/revisions\/32281"}],"wp:featuredmedia":[{"embeddable":true,"href":"https:\/\/elterritorialweb.com.ar\/web\/wp-json\/wp\/v2\/media\/32280"}],"wp:attachment":[{"href":"https:\/\/elterritorialweb.com.ar\/web\/wp-json\/wp\/v2\/media?parent=32279"}],"wp:term":[{"taxonomy":"category","embeddable":true,"href":"https:\/\/elterritorialweb.com.ar\/web\/wp-json\/wp\/v2\/categories?post=32279"},{"taxonomy":"post_tag","embeddable":true,"href":"https:\/\/elterritorialweb.com.ar\/web\/wp-json\/wp\/v2\/tags?post=32279"}],"curies":[{"name":"wp","href":"https:\/\/api.w.org\/{rel}","templated":true}]}}