{"id":32286,"date":"2022-01-04T17:16:51","date_gmt":"2022-01-04T17:16:51","guid":{"rendered":"http:\/\/elterritorialweb.com.ar\/web\/?p=32286"},"modified":"2022-01-04T17:18:13","modified_gmt":"2022-01-04T17:18:13","slug":"la-comuna-bandena-refuerza-centros-de-hisopados-y-asistencias-por-el-avance-de-casos-por-covid","status":"publish","type":"post","link":"https:\/\/elterritorialweb.com.ar\/web\/la-comuna-bandena-refuerza-centros-de-hisopados-y-asistencias-por-el-avance-de-casos-por-covid\/","title":{"rendered":"LA COMUNA BANDE\u00d1A REFUERZA CENTROS DE HISOPADOS POR EL AVANCE DE CASOS POR COVID"},"content":{"rendered":"\n<p>Seg\u00fan lo explic\u00f3, el <strong>director Cesar Scabuzzo, <\/strong><em>\u201cla comuna nunca dej\u00f3 de realizar los hisopados y las asistencias, como as\u00ed tambi\u00e9n la recolecci\u00f3n diferencial y dem\u00e1s acciones para cuidar al bande\u00f1o. Por lo que ahora con el aumento de casos nuevamente en toda la provincia, reforzamos los centros de hisopados y las asistencias\u201d.<\/em><br>Adem\u00e1s, dijo que <em>\u201cdesde un principio los hisopados se realizan en los Centros de Atenci\u00f3n Medica Municipal con personal capacitado desde el principio de la pandemia; los que se hab\u00edan diagramado en el lunes para el sector del CAMM N\u00ba 3 del Ampliaci\u00f3n Primero de Mayo, mi\u00e9rcoles en el Centro N\u00ba 6 del barrio El Rinc\u00f3n y viernes en el CAMM N\u00ba 5 del barrio Central Argentino\u201d.<\/em><br>Ante lo acontecido, se colocar\u00e1 nuevamente <strong>un centro de hisopado en la sede de Monitoreo de \u201cAlerta Banda\u201d, sobre Av. Besares, los martes y jueves;<\/strong> cubriendo as\u00ed toda la semana en horas de la ma\u00f1ana a disposici\u00f3n de los vecinos que presenten s\u00edntomas y necesiten ser hisopados.<\/p>\n\n\n\n<figure class=\"wp-block-image size-full\"><a href=\"https:\/\/i0.wp.com\/elterritorialweb.com.ar\/web\/wp-content\/uploads\/2022\/01\/IMG-20220104-WA0018-1.jpg\"><img data-recalc-dims=\"1\" decoding=\"async\" width=\"640\" height=\"480\" data-src=\"https:\/\/i0.wp.com\/elterritorialweb.com.ar\/web\/wp-content\/uploads\/2022\/01\/IMG-20220104-WA0018-1.jpg?resize=640%2C480\" alt=\"\" class=\"wp-image-32289 lazyload\" data-srcset=\"https:\/\/i0.wp.com\/elterritorialweb.com.ar\/web\/wp-content\/uploads\/2022\/01\/IMG-20220104-WA0018-1.jpg?w=1024&amp;ssl=1 1024w, https:\/\/i0.wp.com\/elterritorialweb.com.ar\/web\/wp-content\/uploads\/2022\/01\/IMG-20220104-WA0018-1.jpg?resize=300%2C225&amp;ssl=1 300w, https:\/\/i0.wp.com\/elterritorialweb.com.ar\/web\/wp-content\/uploads\/2022\/01\/IMG-20220104-WA0018-1.jpg?resize=768%2C576&amp;ssl=1 768w\" data-sizes=\"(max-width: 640px) 100vw, 640px\" src=\"data:image\/svg+xml;base64,PHN2ZyB3aWR0aD0iMSIgaGVpZ2h0PSIxIiB4bWxucz0iaHR0cDovL3d3dy53My5vcmcvMjAwMC9zdmciPjwvc3ZnPg==\" style=\"--smush-placeholder-width: 640px; --smush-placeholder-aspect-ratio: 640\/480;\" \/><\/a><\/figure>\n\n\n\n<p><br>Asimismo, <strong>Scabuzzo<\/strong> agreg\u00f3 que<em>, \u201cadem\u00e1s por pedido del intendente Pablo Mirolo estamos analizando otras formas para contener m\u00e1s al vecino bande\u00f1o con hisopados y asistencias generales que suscitan durante esta pandemia\u201d.<\/em><br>Entre las medidas que la comuna toma para con el virus Covid-19 se destaca el trabajo en conjunto de las \u00e1reas de Salud, Tr\u00e1nsito, Alerta Banda, Servicios P\u00fablicos y otras entidades comunales.<br>Cabe destacar, que Alerta Banda brindar\u00e1 por v\u00eda telef\u00f3nica el asesoramiento y los turnos para la realizaci\u00f3n de hisopados a los vecinos que presenten s\u00edntomas compatibles con COVID-19.<br>Desde el \u00e1rea se indic\u00f3 que quienes presenten s\u00edntomas relacionados al covid deben <strong>comunicarse a los tel\u00e9fonos 3854209837; 3855140924; 6002203 o 6002208 <\/strong>en donde recibir\u00e1n asesoramiento y deber\u00e1n responder a preguntas correspondientes a un triage que permitir\u00e1 identificar a un posible paciente positivo.<\/p>\n","protected":false},"excerpt":{"rendered":"<p>La Direcci\u00f3n General de Salud dependiente de la Secretaria de Desarrollo Humano de la Municipalidad de La Banda brind\u00f3 un informe sobre el trabajo que se realiza en la ciudad para contenci\u00f3n del virus Covid-19.<\/p>\n","protected":false},"author":2,"featured_media":32287,"comment_status":"open","ping_status":"open","sticky":false,"template":"","format":"standard","meta":{"om_disable_all_campaigns":false,"_monsterinsights_skip_tracking":false,"_monsterinsights_sitenote_active":false,"_monsterinsights_sitenote_note":"","_monsterinsights_sitenote_category":0,"_uf_show_specific_survey":0,"_uf_disable_surveys":false,"jetpack_post_was_ever_published":false,"_jetpack_newsletter_access":"","_jetpack_dont_email_post_to_subs":false,"_jetpack_newsletter_tier_id":0,"_jetpack_memberships_contains_paywalled_content":false,"_jetpack_memberships_contains_paid_content":false,"footnotes":"","jetpack_publicize_message":"","jetpack_publicize_feature_enabled":true,"jetpack_social_post_already_shared":false,"jetpack_social_options":{"image_generator_settings":{"template":"highway","default_image_id":0,"font":"","enabled":false},"version":2}},"categories":[3],"tags":[],"class_list":["post-32286","post","type-post","status-publish","format-standard","has-post-thumbnail","hentry","category-salud"],"aioseo_notices":[],"views":6,"jetpack_publicize_connections":[],"jetpack_featured_media_url":"https:\/\/i0.wp.com\/elterritorialweb.com.ar\/web\/wp-content\/uploads\/2022\/01\/IMG-20220104-WA0016.jpg?fit=826%2C537&ssl=1","jetpack_sharing_enabled":true,"_links":{"self":[{"href":"https:\/\/elterritorialweb.com.ar\/web\/wp-json\/wp\/v2\/posts\/32286","targetHints":{"allow":["GET"]}}],"collection":[{"href":"https:\/\/elterritorialweb.com.ar\/web\/wp-json\/wp\/v2\/posts"}],"about":[{"href":"https:\/\/elterritorialweb.com.ar\/web\/wp-json\/wp\/v2\/types\/post"}],"author":[{"embeddable":true,"href":"https:\/\/elterritorialweb.com.ar\/web\/wp-json\/wp\/v2\/users\/2"}],"replies":[{"embeddable":true,"href":"https:\/\/elterritorialweb.com.ar\/web\/wp-json\/wp\/v2\/comments?post=32286"}],"version-history":[{"count":2,"href":"https:\/\/elterritorialweb.com.ar\/web\/wp-json\/wp\/v2\/posts\/32286\/revisions"}],"predecessor-version":[{"id":32291,"href":"https:\/\/elterritorialweb.com.ar\/web\/wp-json\/wp\/v2\/posts\/32286\/revisions\/32291"}],"wp:featuredmedia":[{"embeddable":true,"href":"https:\/\/elterritorialweb.com.ar\/web\/wp-json\/wp\/v2\/media\/32287"}],"wp:attachment":[{"href":"https:\/\/elterritorialweb.com.ar\/web\/wp-json\/wp\/v2\/media?parent=32286"}],"wp:term":[{"taxonomy":"category","embeddable":true,"href":"https:\/\/elterritorialweb.com.ar\/web\/wp-json\/wp\/v2\/categories?post=32286"},{"taxonomy":"post_tag","embeddable":true,"href":"https:\/\/elterritorialweb.com.ar\/web\/wp-json\/wp\/v2\/tags?post=32286"}],"curies":[{"name":"wp","href":"https:\/\/api.w.org\/{rel}","templated":true}]}}