{"id":32292,"date":"2022-01-04T17:29:28","date_gmt":"2022-01-04T17:29:28","guid":{"rendered":"http:\/\/elterritorialweb.com.ar\/web\/?p=32292"},"modified":"2022-01-04T17:29:29","modified_gmt":"2022-01-04T17:29:29","slug":"la-banda-el-jueves-6-comienza-el-taller-de-danzas-folcloricas-en-la-plaza-belgrano","status":"publish","type":"post","link":"https:\/\/elterritorialweb.com.ar\/web\/la-banda-el-jueves-6-comienza-el-taller-de-danzas-folcloricas-en-la-plaza-belgrano\/","title":{"rendered":"LA BANDA: EL JUEVES 6 COMIENZA EL TALLER DE DANZAS FOLCL\u00d3RICAS EN LA PLAZA BELGRANO"},"content":{"rendered":"\n<p>Dicho taller, comenzar\u00e1 el jueves 6, de 20 a 22 en la Plaza Manuel Belgrano, y estar\u00e1 a cargo del profesor Claudio Torres. El mismo est\u00e1 destinado a todas las personas a partir de los 12 a\u00f1os de edad.<br>Quienes deseen participar de la actividad de danza, deben inscribirse en <strong>https:\/\/forms.gle\/D7nNv2cxcd2Xk9HZ9, o comunicarse al 3856272317 <\/strong>para m\u00e1s informaci\u00f3n.<br>Como \u00e9ste, el proyecto cuenta con diversas actividades y espacios, con el objetivo principal de fortalecer la vida saludable, promoviendo el arte y la cultura de nuestra ciudad.<br>Cabe destacar, que las actividades estar\u00e1n siendo anunciadas por este medio, y los interesados podr\u00e1n tambi\u00e9n ingresar a las redes sociales de la Direcci\u00f3n de la Juventud, donde encontrar\u00e1n toda la informaci\u00f3n y dem\u00e1s formularios de inscripci\u00f3n para las otras actividades.<br>Finalmente desde la organizaci\u00f3n se aclara que cada actividad se realizar\u00e1 bajo los protocolos de bioseguridad, con el uso del barbijo y la utilizaci\u00f3n del alcohol como sanitizante contra el Covid.<\/p>\n","protected":false},"excerpt":{"rendered":"<p>La Direcci\u00f3n de la Juventud de la Municipalidad de La Banda, invita a participar del Taller de Danzas Folcl\u00f3ricas Argentinas, el cual forma parte del Programa \u2018Vive en La Banda Verano Sano\u2019 impulsado por el intendente Pablo Mirolo.<\/p>\n","protected":false},"author":2,"featured_media":32293,"comment_status":"open","ping_status":"open","sticky":false,"template":"","format":"standard","meta":{"om_disable_all_campaigns":false,"_monsterinsights_skip_tracking":false,"_monsterinsights_sitenote_active":false,"_monsterinsights_sitenote_note":"","_monsterinsights_sitenote_category":0,"_uf_show_specific_survey":0,"_uf_disable_surveys":false,"jetpack_post_was_ever_published":false,"_jetpack_newsletter_access":"","_jetpack_dont_email_post_to_subs":false,"_jetpack_newsletter_tier_id":0,"_jetpack_memberships_contains_paywalled_content":false,"_jetpack_memberships_contains_paid_content":false,"footnotes":"","jetpack_publicize_message":"","jetpack_publicize_feature_enabled":true,"jetpack_social_post_already_shared":false,"jetpack_social_options":{"image_generator_settings":{"template":"highway","default_image_id":0,"font":"","enabled":false},"version":2}},"categories":[21],"tags":[],"class_list":["post-32292","post","type-post","status-publish","format-standard","has-post-thumbnail","hentry","category-locales"],"aioseo_notices":[],"views":11,"jetpack_publicize_connections":[],"jetpack_featured_media_url":"https:\/\/i0.wp.com\/elterritorialweb.com.ar\/web\/wp-content\/uploads\/2022\/01\/IMG-20220104-WA0019.jpg?fit=1280%2C725&ssl=1","jetpack_sharing_enabled":true,"_links":{"self":[{"href":"https:\/\/elterritorialweb.com.ar\/web\/wp-json\/wp\/v2\/posts\/32292","targetHints":{"allow":["GET"]}}],"collection":[{"href":"https:\/\/elterritorialweb.com.ar\/web\/wp-json\/wp\/v2\/posts"}],"about":[{"href":"https:\/\/elterritorialweb.com.ar\/web\/wp-json\/wp\/v2\/types\/post"}],"author":[{"embeddable":true,"href":"https:\/\/elterritorialweb.com.ar\/web\/wp-json\/wp\/v2\/users\/2"}],"replies":[{"embeddable":true,"href":"https:\/\/elterritorialweb.com.ar\/web\/wp-json\/wp\/v2\/comments?post=32292"}],"version-history":[{"count":1,"href":"https:\/\/elterritorialweb.com.ar\/web\/wp-json\/wp\/v2\/posts\/32292\/revisions"}],"predecessor-version":[{"id":32294,"href":"https:\/\/elterritorialweb.com.ar\/web\/wp-json\/wp\/v2\/posts\/32292\/revisions\/32294"}],"wp:featuredmedia":[{"embeddable":true,"href":"https:\/\/elterritorialweb.com.ar\/web\/wp-json\/wp\/v2\/media\/32293"}],"wp:attachment":[{"href":"https:\/\/elterritorialweb.com.ar\/web\/wp-json\/wp\/v2\/media?parent=32292"}],"wp:term":[{"taxonomy":"category","embeddable":true,"href":"https:\/\/elterritorialweb.com.ar\/web\/wp-json\/wp\/v2\/categories?post=32292"},{"taxonomy":"post_tag","embeddable":true,"href":"https:\/\/elterritorialweb.com.ar\/web\/wp-json\/wp\/v2\/tags?post=32292"}],"curies":[{"name":"wp","href":"https:\/\/api.w.org\/{rel}","templated":true}]}}