{"id":32307,"date":"2022-01-04T18:31:42","date_gmt":"2022-01-04T18:31:42","guid":{"rendered":"http:\/\/elterritorialweb.com.ar\/web\/?p=32307"},"modified":"2022-01-04T18:31:50","modified_gmt":"2022-01-04T18:31:50","slug":"tarragona-la-variante-omicron-ya-circula-en-forma-comunitaria-en-argentina","status":"publish","type":"post","link":"https:\/\/elterritorialweb.com.ar\/web\/tarragona-la-variante-omicron-ya-circula-en-forma-comunitaria-en-argentina\/","title":{"rendered":"TARRAGONA: \u00abLA VARIANTE \u00d3MICRON YA CIRCULA EN FORMA COMUNITARIA EN ARGENTINA\u00bb"},"content":{"rendered":"\n<p><strong>La variante\u00a0\u00d3micron\u00a0de Covid-19 ya circula en forma comunitaria en Argentina<\/strong>. As\u00ed lo confirm\u00f3 la jefa de Gabinete del Ministerio de\u00a0Salud\u00a0de la Naci\u00f3n, Sonia Tarragona. El constante aumento de casos de coronavirus que se registr\u00f3 en las \u00faltimas semanas ya daba una idea de ello.<\/p>\n\n\n\n<p><strong>\u00abEs lo que se esperaba que ocurriera\u00bb<\/strong>, admiti\u00f3 la funcionaria de la cartera que conduce\u00a0Carla Vizzotti. Si bien la cepa Delta todav\u00eda sigue siendo predominante en la mayor parte del pa\u00eds, los especialistas prev\u00e9n que la variante sudafricana r\u00e1pidamente la destrone como sucedi\u00f3 en casi todo el mundo.<\/p>\n\n\n\n<p>\u00abLa circulaci\u00f3n de \u00d3micron vino a complicar todo esto porque tenemos jurisdicciones donde hay circulaci\u00f3n comunitaria de \u00d3micron que est\u00e1n conviviendo con otras donde est\u00e1 predominando la variante\u00a0Delta, que son la mayor\u00eda (de casos)\u00bb, se\u00f1al\u00f3 esta ma\u00f1ana en declaraciones a Radio Continental.<\/p>\n\n\n\n<h2 class=\"wp-block-heading\"><em>\u00abTenemos jurisdicciones donde hay circulaci\u00f3n comunitaria de \u00d3micron que est\u00e1n conviviendo con otras donde est\u00e1 predominando la variante Delta.\u00bb<\/em><\/h2>\n\n\n\n<p>Tarragona indic\u00f3 que desde el Gobierno esperaban un aumento de casos en esta \u00e9poca del a\u00f1o, a partir de las Fiestas y del inicio de la temporada de verano, pero reconoci\u00f3 que el avance de \u00d3micron fue mucho mayor al esperado. La cantidad de contagios en los \u00faltimos 30 d\u00edas, en promedio, se multiplic\u00f3 por 17.<\/p>\n\n\n\n<p>\u00ab<strong>Fue una irrupci\u00f3n casi inesperada de tantos (casos), tan juntos.<\/strong>&nbsp;Las jurisdicciones ya est\u00e1n ampliando sus capacidades de testeo. Nosotros estamos acompa\u00f1ando la estrategia de impulsar los auto test, en breve vamos a poder hacerlo y eso descomprime tambi\u00e9n el testeo en el primer nivel\u00bb, se\u00f1al\u00f3.<\/p>\n","protected":false},"excerpt":{"rendered":"<p>As\u00ed lo confirm\u00f3 la jefa de Gabinete del Ministerio de Salud de la Naci\u00f3n, Sonia Tarragona. \u00abTenemos que evitar los casos graves y las muertes\u00bb, remarc\u00f3.<\/p>\n","protected":false},"author":2,"featured_media":32308,"comment_status":"open","ping_status":"open","sticky":false,"template":"","format":"standard","meta":{"om_disable_all_campaigns":false,"_monsterinsights_skip_tracking":false,"_monsterinsights_sitenote_active":false,"_monsterinsights_sitenote_note":"","_monsterinsights_sitenote_category":0,"_uf_show_specific_survey":0,"_uf_disable_surveys":false,"jetpack_post_was_ever_published":false,"_jetpack_newsletter_access":"","_jetpack_dont_email_post_to_subs":false,"_jetpack_newsletter_tier_id":0,"_jetpack_memberships_contains_paywalled_content":false,"_jetpack_memberships_contains_paid_content":false,"footnotes":"","jetpack_publicize_message":"","jetpack_publicize_feature_enabled":true,"jetpack_social_post_already_shared":false,"jetpack_social_options":{"image_generator_settings":{"template":"highway","default_image_id":0,"font":"","enabled":false},"version":2}},"categories":[3],"tags":[],"class_list":["post-32307","post","type-post","status-publish","format-standard","has-post-thumbnail","hentry","category-salud"],"aioseo_notices":[],"views":9,"jetpack_publicize_connections":[],"jetpack_featured_media_url":"https:\/\/i0.wp.com\/elterritorialweb.com.ar\/web\/wp-content\/uploads\/2022\/01\/151d9ac4-f10a-4f5e-898c-2a8dbd17acc9_twitter-eldiarioar-watermarked-aspect-ratio_default_0.jpg?fit=1200%2C628&ssl=1","jetpack_sharing_enabled":true,"_links":{"self":[{"href":"https:\/\/elterritorialweb.com.ar\/web\/wp-json\/wp\/v2\/posts\/32307","targetHints":{"allow":["GET"]}}],"collection":[{"href":"https:\/\/elterritorialweb.com.ar\/web\/wp-json\/wp\/v2\/posts"}],"about":[{"href":"https:\/\/elterritorialweb.com.ar\/web\/wp-json\/wp\/v2\/types\/post"}],"author":[{"embeddable":true,"href":"https:\/\/elterritorialweb.com.ar\/web\/wp-json\/wp\/v2\/users\/2"}],"replies":[{"embeddable":true,"href":"https:\/\/elterritorialweb.com.ar\/web\/wp-json\/wp\/v2\/comments?post=32307"}],"version-history":[{"count":1,"href":"https:\/\/elterritorialweb.com.ar\/web\/wp-json\/wp\/v2\/posts\/32307\/revisions"}],"predecessor-version":[{"id":32309,"href":"https:\/\/elterritorialweb.com.ar\/web\/wp-json\/wp\/v2\/posts\/32307\/revisions\/32309"}],"wp:featuredmedia":[{"embeddable":true,"href":"https:\/\/elterritorialweb.com.ar\/web\/wp-json\/wp\/v2\/media\/32308"}],"wp:attachment":[{"href":"https:\/\/elterritorialweb.com.ar\/web\/wp-json\/wp\/v2\/media?parent=32307"}],"wp:term":[{"taxonomy":"category","embeddable":true,"href":"https:\/\/elterritorialweb.com.ar\/web\/wp-json\/wp\/v2\/categories?post=32307"},{"taxonomy":"post_tag","embeddable":true,"href":"https:\/\/elterritorialweb.com.ar\/web\/wp-json\/wp\/v2\/tags?post=32307"}],"curies":[{"name":"wp","href":"https:\/\/api.w.org\/{rel}","templated":true}]}}