{"id":32310,"date":"2022-01-04T18:45:25","date_gmt":"2022-01-04T18:45:25","guid":{"rendered":"http:\/\/elterritorialweb.com.ar\/web\/?p=32310"},"modified":"2022-01-04T18:47:30","modified_gmt":"2022-01-04T18:47:30","slug":"imputaron-por-homicidio-simple-al-conductor-que-atropello-y-mato-a-una-ciclista-en-palermo","status":"publish","type":"post","link":"https:\/\/elterritorialweb.com.ar\/web\/imputaron-por-homicidio-simple-al-conductor-que-atropello-y-mato-a-una-ciclista-en-palermo\/","title":{"rendered":"IMPUTARON POR HOMICIDIO SIMPLE AL CONDUCTOR QUE ATROPELL\u00d3 Y MAT\u00d3 A UNA CICLISTA EN PALERMO"},"content":{"rendered":"\n<p>Jos\u00e9 Carlos Olaya Gonz\u00e1lez, <a href=\"http:\/\/elterritorialweb.com.ar\/web\/automovilista-choco-a-cinco-ciclistas-en-palermo\/\" data-type=\"URL\" data-id=\"http:\/\/elterritorialweb.com.ar\/web\/automovilista-choco-a-cinco-ciclistas-en-palermo\/\"><strong>el conductor que atropell\u00f3 y mat\u00f3 a una ciclista de 62 a\u00f1os el pasado domingo cerca de los Bosque de Palermo,<\/strong><\/a>\u00a0<strong>se neg\u00f3 a declarar\u00a0<\/strong>este martes pero qued\u00f3 imputado por homicidio simple con dolo eventual, un delito que prev\u00e9 una pena de 8 a 25 a\u00f1os de c\u00e1rcel, y el mi\u00e9rcoles se realizar\u00e1 la audiencia para resolver su prisi\u00f3n preventiva, seg\u00fan informaron fuentes del Ministerio P\u00fablico Fiscal (MPF) porte\u00f1o.<\/p>\n\n\n\n<p>Poco antes de las 13, Olaya Gonz\u00e1lez sali\u00f3 esposado y mirando hacia abajo de la Unidad Flagrancia Norte, en el barrio porte\u00f1o de N\u00fa\u00f1ez, y fue trasladado a la alcald\u00eda 6 de Caballito, donde permanecer\u00e1 detenido.<\/p>\n\n\n\n<p>Olaya Gonz\u00e1lez hab\u00eda sido imputado inicialmente por homicidio culposo, encubrimiento y abandono de persona, pero este martes la figura escal\u00f3 a homicidio simple con dolo eventual, para lo cual el art\u00edculo 79 del C\u00f3digo Penal establece \u00abreclusi\u00f3n o prisi\u00f3n de ocho a veinticinco a\u00f1os al que matare a otro\u00bb.<\/p>\n\n\n\n<p>Una vez concluida su declaraci\u00f3n indagatoria&nbsp;<strong>declararon otros tres hombres acusados de encubrimiento&nbsp;<\/strong>por haber ayudado a Olaya Gonz\u00e1lez a escapar del lugar a bordo de una camioneta.<\/p>\n\n\n\n<p>\u00abNosotros no encubrimos nada\u00bb, dijo uno de los tres hombres ante las insistentes consultas de los medios frente a la sede del MPF.<\/p>\n\n\n\n<p>El hecho ocurri\u00f3 el domingo por la ma\u00f1ana en el cruce de las avenidas Figueroa Alcorta y Dorrego, donde efectivos de la Comisar\u00eda Vecinal 14C se trasladaron luego de un llamado al 911\u00a0que alertaba sobre\u00a0<strong>un veh\u00edculo particular Ford Focus, de color rojo<\/strong>, que hab\u00eda embestido a cinco ciclistas.<\/p>\n\n\n\n<figure class=\"wp-block-image size-full\"><a href=\"https:\/\/i0.wp.com\/elterritorialweb.com.ar\/web\/wp-content\/uploads\/2022\/01\/el-ford-focus-con-el___vEfH_dTGm_720x0__1.jpg\"><img data-recalc-dims=\"1\" decoding=\"async\" width=\"640\" height=\"427\" data-src=\"https:\/\/i0.wp.com\/elterritorialweb.com.ar\/web\/wp-content\/uploads\/2022\/01\/el-ford-focus-con-el___vEfH_dTGm_720x0__1.jpg?resize=640%2C427\" alt=\"\" class=\"wp-image-32312 lazyload\" data-srcset=\"https:\/\/i0.wp.com\/elterritorialweb.com.ar\/web\/wp-content\/uploads\/2022\/01\/el-ford-focus-con-el___vEfH_dTGm_720x0__1.jpg?w=720&amp;ssl=1 720w, https:\/\/i0.wp.com\/elterritorialweb.com.ar\/web\/wp-content\/uploads\/2022\/01\/el-ford-focus-con-el___vEfH_dTGm_720x0__1.jpg?resize=300%2C200&amp;ssl=1 300w\" data-sizes=\"(max-width: 640px) 100vw, 640px\" src=\"data:image\/svg+xml;base64,PHN2ZyB3aWR0aD0iMSIgaGVpZ2h0PSIxIiB4bWxucz0iaHR0cDovL3d3dy53My5vcmcvMjAwMC9zdmciPjwvc3ZnPg==\" style=\"--smush-placeholder-width: 640px; --smush-placeholder-aspect-ratio: 640\/427;\" \/><\/a><\/figure>\n\n\n\n<p>El auto impact\u00f3 contra cinco personas que circulaban en el \u00e1rea, una de ellas&nbsp;<strong>Marcela Bimonte, de 62 a\u00f1os, quien muri\u00f3<\/strong>&nbsp;posteriormente a consecuencia de las heridas.<\/p>\n\n\n\n<p>El narcotest que le fue realizado al conductor<strong>\u00a0\u00abdio positivo por consumo\u00a0de TCH\u00bb<\/strong>,\u00a0seg\u00fan inform\u00f3 el MPF.<\/p>\n\n\n\n<p>Seg\u00fan el informe de antecedentes penales, Olaya Gonz\u00e1lez \u00abfue condenado el 31 de agosto de 2010 por el Tribunal de Lomas de Zamora a 6 a\u00f1os y 9 meses de prisi\u00f3n por los delitos de robo agravado con el empleo de arma de fuego en concurso real con portaci\u00f3n de arma de guerra sin la debida autorizaci\u00f3n legal. El imputado tiene tambi\u00e9n otra causa del 17 de febrero de 2017 por Encubrimiento agravado por \u00c1nimo de Lucro\u00bb, precis\u00f3 el MPF.<\/p>\n\n\n\n<p><strong>La jueza Patricia Ana Larocca, a cargo del Juzgado en lo Penal, Contravencional y de Faltas 12 de la Ciudad de Buenos Aires, encabezar\u00e1 este mi\u00e9rcoles por la ma\u00f1ana la audiencia de prisi\u00f3n preventiva.<\/strong><\/p>\n","protected":false},"excerpt":{"rendered":"<p>El mi\u00e9rcoles se realizar\u00e1 la audiencia para resolver la prisi\u00f3n preventiva de Jos\u00e9 Carlos Olaya Gonz\u00e1lez, imputado por homicidio simple con dolo eventual. Luego de su indagatoria, tambi\u00e9n declararon tres hombres acusados de encubrimiento por haber ayudado al conductor a escapar del lugar a bordo de una camioneta.<\/p>\n","protected":false},"author":2,"featured_media":32314,"comment_status":"open","ping_status":"open","sticky":false,"template":"","format":"standard","meta":{"om_disable_all_campaigns":false,"_monsterinsights_skip_tracking":false,"_monsterinsights_sitenote_active":false,"_monsterinsights_sitenote_note":"","_monsterinsights_sitenote_category":0,"_uf_show_specific_survey":0,"_uf_disable_surveys":false,"jetpack_post_was_ever_published":false,"_jetpack_newsletter_access":"","_jetpack_dont_email_post_to_subs":false,"_jetpack_newsletter_tier_id":0,"_jetpack_memberships_contains_paywalled_content":false,"_jetpack_memberships_contains_paid_content":false,"footnotes":"","jetpack_publicize_message":"","jetpack_publicize_feature_enabled":true,"jetpack_social_post_already_shared":false,"jetpack_social_options":{"image_generator_settings":{"template":"highway","default_image_id":0,"font":"","enabled":false},"version":2}},"categories":[7],"tags":[],"class_list":["post-32310","post","type-post","status-publish","format-standard","has-post-thumbnail","hentry","category-nacionales"],"aioseo_notices":[],"views":13,"jetpack_publicize_connections":[],"jetpack_featured_media_url":"https:\/\/i0.wp.com\/elterritorialweb.com.ar\/web\/wp-content\/uploads\/2022\/01\/IYLUJSHUTFCJNLXBFFIFF4IN5E2.jpg?fit=555%2C424&ssl=1","jetpack_sharing_enabled":true,"_links":{"self":[{"href":"https:\/\/elterritorialweb.com.ar\/web\/wp-json\/wp\/v2\/posts\/32310","targetHints":{"allow":["GET"]}}],"collection":[{"href":"https:\/\/elterritorialweb.com.ar\/web\/wp-json\/wp\/v2\/posts"}],"about":[{"href":"https:\/\/elterritorialweb.com.ar\/web\/wp-json\/wp\/v2\/types\/post"}],"author":[{"embeddable":true,"href":"https:\/\/elterritorialweb.com.ar\/web\/wp-json\/wp\/v2\/users\/2"}],"replies":[{"embeddable":true,"href":"https:\/\/elterritorialweb.com.ar\/web\/wp-json\/wp\/v2\/comments?post=32310"}],"version-history":[{"count":1,"href":"https:\/\/elterritorialweb.com.ar\/web\/wp-json\/wp\/v2\/posts\/32310\/revisions"}],"predecessor-version":[{"id":32313,"href":"https:\/\/elterritorialweb.com.ar\/web\/wp-json\/wp\/v2\/posts\/32310\/revisions\/32313"}],"wp:featuredmedia":[{"embeddable":true,"href":"https:\/\/elterritorialweb.com.ar\/web\/wp-json\/wp\/v2\/media\/32314"}],"wp:attachment":[{"href":"https:\/\/elterritorialweb.com.ar\/web\/wp-json\/wp\/v2\/media?parent=32310"}],"wp:term":[{"taxonomy":"category","embeddable":true,"href":"https:\/\/elterritorialweb.com.ar\/web\/wp-json\/wp\/v2\/categories?post=32310"},{"taxonomy":"post_tag","embeddable":true,"href":"https:\/\/elterritorialweb.com.ar\/web\/wp-json\/wp\/v2\/tags?post=32310"}],"curies":[{"name":"wp","href":"https:\/\/api.w.org\/{rel}","templated":true}]}}