{"id":32315,"date":"2022-01-04T19:08:29","date_gmt":"2022-01-04T19:08:29","guid":{"rendered":"http:\/\/elterritorialweb.com.ar\/web\/?p=32315"},"modified":"2022-01-04T19:08:49","modified_gmt":"2022-01-04T19:08:49","slug":"la-banda-piden-a-los-vecinos-que-no-arrojen-restos-de-jardineria-y-poda-en-la-via-publica","status":"publish","type":"post","link":"https:\/\/elterritorialweb.com.ar\/web\/la-banda-piden-a-los-vecinos-que-no-arrojen-restos-de-jardineria-y-poda-en-la-via-publica\/","title":{"rendered":"LA BANDA: PIDEN A LOS VECINOS QUE NO ARROJEN RESTOS DE JARDINER\u00cdA Y PODA EN LA V\u00cdA P\u00daBLICA"},"content":{"rendered":"\n<p><br>En este sentido, estas acciones generan focos infecciosos donde crecen alima\u00f1as, sobre todo en \u00e9pocas estivales, donde tambi\u00e9n provocan la obstrucci\u00f3n de bocas de tormentas, generando el estancamiento de agua y el anegamiento de calles.<br>Por tal motivo, antes de realizarse el trabajo de poda, los vecinos deben notificar en el Obrador San Carlos, sito en calle San Carlos entre Uriarte y Coronel Borges en el horario de 8 a 12, y abonar el canon correspondiente para que los camiones recolectores retiren las ramas en un d\u00eda y horario determinado.<br>Quienes deseen realizar una denuncia de este tipo, o relacionada, deben comunicarse al 3855307080, donde podr\u00e1n notificar al cuerpo de inspectores la situaci\u00f3n, para que el equipo encargado pueda proceder.<br>Cabe destacar, que el per\u00edodo de poda es desde el mes de abril, hasta el 20 de agosto, ya que la mayor utilidad de la poda es estimular el desarrollo de una estructura corpulenta en los \u00e1rboles y disminuir la probabilidad de que los da\u00f1en las inclemencias del tiempo. \u00c9sta, tambi\u00e9n sirve para mejorar la estructura especialmente eficaz con \u00e1rboles de crecimiento abierto, que pierden muy poco follaje de manera espont\u00e1nea.<\/p>\n","protected":false},"excerpt":{"rendered":"<p>La Direcci\u00f3n de Parques y Paseos, dependiente de la Secretar\u00eda de Servicios P\u00fablicos de la Municipalidad de La Banda, solicita a la comunidad la colaboraci\u00f3n de no arrojar restos de jardiner\u00eda y poda a la v\u00eda p\u00fablica, para evitar multas y dem\u00e1s complicaciones.<\/p>\n","protected":false},"author":2,"featured_media":32303,"comment_status":"open","ping_status":"open","sticky":false,"template":"","format":"standard","meta":{"om_disable_all_campaigns":false,"_monsterinsights_skip_tracking":false,"_monsterinsights_sitenote_active":false,"_monsterinsights_sitenote_note":"","_monsterinsights_sitenote_category":0,"_uf_show_specific_survey":0,"_uf_disable_surveys":false,"jetpack_post_was_ever_published":false,"_jetpack_newsletter_access":"","_jetpack_dont_email_post_to_subs":false,"_jetpack_newsletter_tier_id":0,"_jetpack_memberships_contains_paywalled_content":false,"_jetpack_memberships_contains_paid_content":false,"footnotes":"","jetpack_publicize_message":"","jetpack_publicize_feature_enabled":true,"jetpack_social_post_already_shared":false,"jetpack_social_options":{"image_generator_settings":{"template":"highway","default_image_id":0,"font":"","enabled":false},"version":2}},"categories":[21],"tags":[],"class_list":["post-32315","post","type-post","status-publish","format-standard","has-post-thumbnail","hentry","category-locales"],"aioseo_notices":[],"views":14,"jetpack_publicize_connections":[],"jetpack_featured_media_url":"https:\/\/i0.wp.com\/elterritorialweb.com.ar\/web\/wp-content\/uploads\/2022\/01\/IMG-20220104-WA0017.jpg?fit=1040%2C480&ssl=1","jetpack_sharing_enabled":true,"_links":{"self":[{"href":"https:\/\/elterritorialweb.com.ar\/web\/wp-json\/wp\/v2\/posts\/32315","targetHints":{"allow":["GET"]}}],"collection":[{"href":"https:\/\/elterritorialweb.com.ar\/web\/wp-json\/wp\/v2\/posts"}],"about":[{"href":"https:\/\/elterritorialweb.com.ar\/web\/wp-json\/wp\/v2\/types\/post"}],"author":[{"embeddable":true,"href":"https:\/\/elterritorialweb.com.ar\/web\/wp-json\/wp\/v2\/users\/2"}],"replies":[{"embeddable":true,"href":"https:\/\/elterritorialweb.com.ar\/web\/wp-json\/wp\/v2\/comments?post=32315"}],"version-history":[{"count":1,"href":"https:\/\/elterritorialweb.com.ar\/web\/wp-json\/wp\/v2\/posts\/32315\/revisions"}],"predecessor-version":[{"id":32316,"href":"https:\/\/elterritorialweb.com.ar\/web\/wp-json\/wp\/v2\/posts\/32315\/revisions\/32316"}],"wp:featuredmedia":[{"embeddable":true,"href":"https:\/\/elterritorialweb.com.ar\/web\/wp-json\/wp\/v2\/media\/32303"}],"wp:attachment":[{"href":"https:\/\/elterritorialweb.com.ar\/web\/wp-json\/wp\/v2\/media?parent=32315"}],"wp:term":[{"taxonomy":"category","embeddable":true,"href":"https:\/\/elterritorialweb.com.ar\/web\/wp-json\/wp\/v2\/categories?post=32315"},{"taxonomy":"post_tag","embeddable":true,"href":"https:\/\/elterritorialweb.com.ar\/web\/wp-json\/wp\/v2\/tags?post=32315"}],"curies":[{"name":"wp","href":"https:\/\/api.w.org\/{rel}","templated":true}]}}