{"id":32317,"date":"2022-01-04T19:51:43","date_gmt":"2022-01-04T19:51:43","guid":{"rendered":"http:\/\/elterritorialweb.com.ar\/web\/?p=32317"},"modified":"2022-01-04T19:51:43","modified_gmt":"2022-01-04T19:51:43","slug":"modifican-las-condiciones-y-dias-de-aislamiento-para-casos-confirmados-de-covid-y-contactos-estrechos-en-la-provincia","status":"publish","type":"post","link":"https:\/\/elterritorialweb.com.ar\/web\/modifican-las-condiciones-y-dias-de-aislamiento-para-casos-confirmados-de-covid-y-contactos-estrechos-en-la-provincia\/","title":{"rendered":"MODIFICAN LAS CONDICIONES Y D\u00cdAS DE AISLAMIENTO PARA CASOS CONFIRMADOS DE COVID Y CONTACTOS ESTRECHOS EN LA PROVINCIA"},"content":{"rendered":"\n<p>En la jornada de este martes, y luego de una reuni\u00f3n de trabajo mantenida entre la ministra de Salud, Lic. Natividad Nassif, el subsecretario, Dr. C\u00e9sar Monti, la Dra. Martha Tarchini, directora de Atenci\u00f3n Primaria de la Salud, y el Lic. Ramiro Banco, director de Salud Comunitaria, y de manera virtual, con la Dra. Graciela Alzogaray, directora de salud del interior, la Dra. Florencia Coronel, de la Secretar\u00eda T\u00e9cnica de Epidemiolog\u00eda y el Dr. Marcelo Ovejero, director del Centro de An\u00e1lisis Moleculares y Metab\u00f3licos, anunciaron que a partir del lunes 3 DE ENERO del corriente a\u00f1o, se encuentran vigentes, nuevas condiciones y d\u00edas de aislamiento para casos confirmados de COVID-19 y los contactos estrechos, para todo el territorio provincial; en funci\u00f3n de si cuentan o no con su esquema de vacunaci\u00f3n contra COVID-19.<\/p>\n\n\n\n<p>A un a\u00f1o del inicio de la campa\u00f1a de vacunaci\u00f3n contra COVID-19, el Ministerio de Salud de la Naci\u00f3n, conjuntamente con representantes de las distintas carteras sanitarias provinciales, acordaron en el \u00faltimo Consejo Federal de Salud (COFESA) de 2021, nuevas recomendaciones sobre las condiciones de aislamiento para casos confirmados de COVID-19 y los contactos estrechos, en funci\u00f3n de si est\u00e1n vacunados o no.<\/p>\n\n\n\n<p>Desde la aparici\u00f3n de la variante Omicron se ha producido un continuo descenso de la variante Delta, predominante en nuestras jurisdicciones, junto con un progresivo aumento de la circulaci\u00f3n de la variante Omicron, probablemente responsable del aumento explosivo de casos a nivel pa\u00eds y en nuestra provincia.<\/p>\n\n\n\n<p>La evidencia actual demuestra que Omicron tiene un tiempo de duplicaci\u00f3n de entre 2 y 3 d\u00edas, lo que la hace m\u00e1s transmisible. Actualmente la variante Omicron est\u00e1 asociada a infecciones en personas con esquemas de vacunaci\u00f3n completo pero con s\u00edntomas leves y de corta duraci\u00f3n. Estos criterios se han tomado en cuenta para la elaboraci\u00f3n del nuevo esquema de aislamiento en casos confirmados y contactos estrechos, seg\u00fan el esquema de vacunaci\u00f3n que presente la persona.<\/p>\n\n\n\n<p>CONDICIONES DE AISLAMIENTO PARA PERSONAS CON ESQUEMA COMPLETO.<\/p>\n\n\n\n<p>Se considera esquema completo de vacunaci\u00f3n contra COVID-19, a personas que recibieron 2 dosis, excepto; vacuna Cansino (dosis \u00fanica); mayores de 50 a\u00f1os vacunados con Sinopharm y personas mayores de 18 a\u00f1os, que tengan cumplidos los 5 meses de la \u00faltima dosis de esta vacuna; en ambas situaciones deben tener una 3\u00b0 dosis adicional.<\/p>\n\n\n\n<p>Es por eso que, tanto personas con COVID-19 confirmado (por PCR o Test de Ant\u00edgeno positivo\/detectable) como personas que sean contacto estrecho por ser convivientes, y cuenten con su esquema de vacunaci\u00f3n completo, deber\u00e1n realizar un aislamiento por 7 d\u00edas, desde la fecha del resultado positivo.<br>En tanto los contactos estrechos, no convivientes, asintom\u00e1ticos, y con esquema de vacunaci\u00f3n completo, deber\u00e1n permanecer en aislamiento por 5 d\u00edas.<\/p>\n\n\n\n<p>CONDICIONES DE AISLAMIENTO PARA PERSONAS<br>NO VACUNADAS O CON ESQUEMA INCOMPLETO.<\/p>\n\n\n\n<p>Quienes sean un caso confirmado (por PCR o Test de Ant\u00edgeno positivo\/detectable), sin esquema de vacunaci\u00f3n o esquema incompleto, deber\u00e1n hacer 10 d\u00edas de aislamiento desde la fecha del resultado positivo. De igual modo, se establecen 10 d\u00edas de aislamiento para los contactos estrechos, sin esquema de vacunaci\u00f3n o esquema incompleto.<\/p>\n\n\n\n<p>Se consideran contacto estrecho a toda persona que estuvo sin las medidas de protecci\u00f3n personal adecuadas a menos de 2 metros de distancia de un caso confirmado durante 15 minutos o m\u00e1s o durante las 48 horas previas al inicio de los s\u00edntomas, y mientras el caso presentaba s\u00edntomas. Por ejemplo: convivientes, visitas, compa\u00f1eros de trabajo.<\/p>\n\n\n\n<p>Los 10 d\u00edas de aislamiento para los contactos estrechos, sin esquema de vacunaci\u00f3n o esquema incompleto, se consideran a partir del resultado test positivo de la persona contagiada.<\/p>\n\n\n\n<p>Por otro lado se recomienda continuar con los cuidados especiales; evitar concurrir a eventos definidos como de mayor riesgo (eventos masivos, reuniones sociales, etc.). Utilizar permanentemente, el barbijo de forma adecuada (bien ajustado, tapando nariz, boca y ment\u00f3n) en ambientes cerrados o abiertos donde haya otras personas; mantener distancia social, ventilar los ambientes de manera continua y lavado frecuente de manos.<\/p>\n\n\n\n<p>Se recuerda: que los s\u00edntomas de COVID-19 son fiebre de 37,5\u00b0C o m\u00e1s, tos seca, dolor de garganta, dificultad respiratoria, dolor muscular, cefalea, diarrea y\/o v\u00f3mitos, congesti\u00f3n nasal, p\u00e9rdida brusca de gusto u olfato.<\/p>\n\n\n\n<p>Durante el aislamiento sanitario las personas no pueden salir de su hogar ni recibir visitas y deben cumplir con las medidas de prevenci\u00f3n indicadas por las autoridades sanitarias, a trav\u00e9s de los protocolos vigentes.<\/p>\n","protected":false},"excerpt":{"rendered":"<p>As\u00ed lo informaron desde la cartera sanitaria local.<\/p>\n","protected":false},"author":2,"featured_media":32318,"comment_status":"open","ping_status":"open","sticky":false,"template":"","format":"standard","meta":{"om_disable_all_campaigns":false,"_monsterinsights_skip_tracking":false,"_monsterinsights_sitenote_active":false,"_monsterinsights_sitenote_note":"","_monsterinsights_sitenote_category":0,"_uf_show_specific_survey":0,"_uf_disable_surveys":false,"jetpack_post_was_ever_published":false,"_jetpack_newsletter_access":"","_jetpack_dont_email_post_to_subs":false,"_jetpack_newsletter_tier_id":0,"_jetpack_memberships_contains_paywalled_content":false,"_jetpack_memberships_contains_paid_content":false,"footnotes":"","jetpack_publicize_message":"","jetpack_publicize_feature_enabled":true,"jetpack_social_post_already_shared":false,"jetpack_social_options":{"image_generator_settings":{"template":"highway","default_image_id":0,"font":"","enabled":false},"version":2}},"categories":[3],"tags":[],"class_list":["post-32317","post","type-post","status-publish","format-standard","has-post-thumbnail","hentry","category-salud"],"aioseo_notices":[],"views":80,"jetpack_publicize_connections":[],"jetpack_featured_media_url":"https:\/\/i0.wp.com\/elterritorialweb.com.ar\/web\/wp-content\/uploads\/2022\/01\/FB_IMG_1641324652139.jpg?fit=720%2C525&ssl=1","jetpack_sharing_enabled":true,"_links":{"self":[{"href":"https:\/\/elterritorialweb.com.ar\/web\/wp-json\/wp\/v2\/posts\/32317","targetHints":{"allow":["GET"]}}],"collection":[{"href":"https:\/\/elterritorialweb.com.ar\/web\/wp-json\/wp\/v2\/posts"}],"about":[{"href":"https:\/\/elterritorialweb.com.ar\/web\/wp-json\/wp\/v2\/types\/post"}],"author":[{"embeddable":true,"href":"https:\/\/elterritorialweb.com.ar\/web\/wp-json\/wp\/v2\/users\/2"}],"replies":[{"embeddable":true,"href":"https:\/\/elterritorialweb.com.ar\/web\/wp-json\/wp\/v2\/comments?post=32317"}],"version-history":[{"count":1,"href":"https:\/\/elterritorialweb.com.ar\/web\/wp-json\/wp\/v2\/posts\/32317\/revisions"}],"predecessor-version":[{"id":32319,"href":"https:\/\/elterritorialweb.com.ar\/web\/wp-json\/wp\/v2\/posts\/32317\/revisions\/32319"}],"wp:featuredmedia":[{"embeddable":true,"href":"https:\/\/elterritorialweb.com.ar\/web\/wp-json\/wp\/v2\/media\/32318"}],"wp:attachment":[{"href":"https:\/\/elterritorialweb.com.ar\/web\/wp-json\/wp\/v2\/media?parent=32317"}],"wp:term":[{"taxonomy":"category","embeddable":true,"href":"https:\/\/elterritorialweb.com.ar\/web\/wp-json\/wp\/v2\/categories?post=32317"},{"taxonomy":"post_tag","embeddable":true,"href":"https:\/\/elterritorialweb.com.ar\/web\/wp-json\/wp\/v2\/tags?post=32317"}],"curies":[{"name":"wp","href":"https:\/\/api.w.org\/{rel}","templated":true}]}}