{"id":32320,"date":"2022-01-04T20:30:07","date_gmt":"2022-01-04T20:30:07","guid":{"rendered":"http:\/\/elterritorialweb.com.ar\/web\/?p=32320"},"modified":"2022-01-04T20:30:07","modified_gmt":"2022-01-04T20:30:07","slug":"se-confirmaron-81-210-casos-positivos-de-coronavirus-en-argentina","status":"publish","type":"post","link":"https:\/\/elterritorialweb.com.ar\/web\/se-confirmaron-81-210-casos-positivos-de-coronavirus-en-argentina\/","title":{"rendered":"SE CONFIRMARON 81.210 CASOS POSITIVOS DE CORONAVIRUS EN ARGENTINA"},"content":{"rendered":"\n<p>El Ministerio de Salud inform\u00f3 este martes&nbsp;<strong>81.210 nuevos contagios y 48 muertos por&nbsp;coronavirus<\/strong> en las \u00faltimas 24 horas. Seg\u00fan el reporte diario, ya son&nbsp;<strong>5.820.536&nbsp;<\/strong>los casos confirmados y&nbsp;<strong>117.294 las v\u00edctimas fatales<\/strong>&nbsp;en la Argentina. Los&nbsp;<strong>activos<\/strong>, en tanto, suman&nbsp;<strong>332.806&nbsp;<\/strong>y las personas&nbsp;<strong>dadas de alta&nbsp;<\/strong>totalizan&nbsp;<strong>5.370.436.<\/strong><\/p>\n\n\n\n<p>De acuerdo a la informaci\u00f3n oficial, de&nbsp;<strong>las 49 muertes reportadas, 25 corresponden hombres<\/strong>,<strong>&nbsp;y 24 a mujeres.<\/strong>https:\/\/e.infogram.com\/09886bfe-6728-477a-b639-3e6b4ba92211?src=embed<\/p>\n\n\n\n<p>Adem\u00e1s, la informaci\u00f3n oficial indic\u00f3 que durante las \u00faltimas 24 horas se realizaron&nbsp;<strong>154.853 pruebas<\/strong>&nbsp;para detectar la enfermedad, y ya son&nbsp;<strong>28.476.002&nbsp;<\/strong>los testeos llevados a cabo en el pa\u00eds desde el inicio de&nbsp;la pandemia.<\/p>\n\n\n\n<p>Por otra parte<em>,\u00a0<\/em>los pacientes que permanecen internados con Covid-19 en las distintas unidades de\u00a0<strong>terapia intensiva (UTI)<\/strong>\u00a0del pa\u00eds son\u00a0<strong>1218.<\/strong>\u00a0En tanto que el porcentaje de ocupaci\u00f3n total de camas en las UTI adulto es del\u00a0<strong>35.9%<\/strong>\u00a0a nivel\u00a0<strong>nacional<\/strong>\u00a0y del\u00a0<strong>36.7%<\/strong>\u00a0en el \u00c1rea Metropolitana de Buenos Aires\u00a0<strong>(AMBA).<\/strong><\/p>\n\n\n\n<h2 class=\"wp-block-heading\">Las vacunas aplicadas en la Argentina<\/h2>\n\n\n\n<p>Seg\u00fan datos del Monitor P\u00fablico de Vacunaci\u00f3n, en el pa\u00eds ya se aplicaron\u00a0<strong>77.207.179\u00a0<\/strong>vacunas. Del total de personas inmunizadas,\u00a0<strong>38.272.739\u00a0<\/strong>recibieron la primera dosis del suero;\u00a0<strong>32.960.671\u00a0<\/strong>la segunda;\u00a0<strong>2.616.891\u00a0<\/strong>la tercera; y\u00a0<strong>3.356.878\u00a0<\/strong>la dosis de refuerzo. En tanto, suman\u00a0<strong>94.230.668\u00a0<\/strong>las unidades distribuidas en todo el pa\u00eds.<\/p>\n\n\n\n<figure class=\"wp-block-image size-full\"><a href=\"https:\/\/i0.wp.com\/elterritorialweb.com.ar\/web\/wp-content\/uploads\/2022\/01\/XV72AWHUVNBJVALRSYRGLTSIA4.jpg\"><img data-recalc-dims=\"1\" decoding=\"async\" width=\"640\" height=\"565\" data-src=\"https:\/\/i0.wp.com\/elterritorialweb.com.ar\/web\/wp-content\/uploads\/2022\/01\/XV72AWHUVNBJVALRSYRGLTSIA4.jpg?resize=640%2C565\" alt=\"\" class=\"wp-image-32321 lazyload\" data-srcset=\"https:\/\/i0.wp.com\/elterritorialweb.com.ar\/web\/wp-content\/uploads\/2022\/01\/XV72AWHUVNBJVALRSYRGLTSIA4.jpg?w=767&amp;ssl=1 767w, https:\/\/i0.wp.com\/elterritorialweb.com.ar\/web\/wp-content\/uploads\/2022\/01\/XV72AWHUVNBJVALRSYRGLTSIA4.jpg?resize=300%2C265&amp;ssl=1 300w\" data-sizes=\"(max-width: 640px) 100vw, 640px\" src=\"data:image\/svg+xml;base64,PHN2ZyB3aWR0aD0iMSIgaGVpZ2h0PSIxIiB4bWxucz0iaHR0cDovL3d3dy53My5vcmcvMjAwMC9zdmciPjwvc3ZnPg==\" style=\"--smush-placeholder-width: 640px; --smush-placeholder-aspect-ratio: 640\/565;\" \/><\/a><\/figure>\n","protected":false},"excerpt":{"rendered":"<p>Ya son 5.820.536 los contagios y 117.294 las v\u00edctimas fatales desde el inicio de la pandemia. Subi\u00f3 a 1218 la cantidad de camas de terapia intensiva ocupadas por pacientes con Covid-19.<\/p>\n","protected":false},"author":2,"featured_media":32322,"comment_status":"open","ping_status":"open","sticky":false,"template":"","format":"standard","meta":{"om_disable_all_campaigns":false,"_monsterinsights_skip_tracking":false,"_monsterinsights_sitenote_active":false,"_monsterinsights_sitenote_note":"","_monsterinsights_sitenote_category":0,"_uf_show_specific_survey":0,"_uf_disable_surveys":false,"jetpack_post_was_ever_published":false,"_jetpack_newsletter_access":"","_jetpack_dont_email_post_to_subs":false,"_jetpack_newsletter_tier_id":0,"_jetpack_memberships_contains_paywalled_content":false,"_jetpack_memberships_contains_paid_content":false,"footnotes":"","jetpack_publicize_message":"","jetpack_publicize_feature_enabled":true,"jetpack_social_post_already_shared":false,"jetpack_social_options":{"image_generator_settings":{"template":"highway","default_image_id":0,"font":"","enabled":false},"version":2}},"categories":[3],"tags":[],"class_list":["post-32320","post","type-post","status-publish","format-standard","has-post-thumbnail","hentry","category-salud"],"aioseo_notices":[],"views":16,"jetpack_publicize_connections":[],"jetpack_featured_media_url":"https:\/\/i0.wp.com\/elterritorialweb.com.ar\/web\/wp-content\/uploads\/2022\/01\/5bd998f9-99a2-4bfd-bf3a-1c5cc20b7e12_16-9-discover-aspect-ratio_default_0.jpg?fit=1200%2C675&ssl=1","jetpack_sharing_enabled":true,"_links":{"self":[{"href":"https:\/\/elterritorialweb.com.ar\/web\/wp-json\/wp\/v2\/posts\/32320","targetHints":{"allow":["GET"]}}],"collection":[{"href":"https:\/\/elterritorialweb.com.ar\/web\/wp-json\/wp\/v2\/posts"}],"about":[{"href":"https:\/\/elterritorialweb.com.ar\/web\/wp-json\/wp\/v2\/types\/post"}],"author":[{"embeddable":true,"href":"https:\/\/elterritorialweb.com.ar\/web\/wp-json\/wp\/v2\/users\/2"}],"replies":[{"embeddable":true,"href":"https:\/\/elterritorialweb.com.ar\/web\/wp-json\/wp\/v2\/comments?post=32320"}],"version-history":[{"count":1,"href":"https:\/\/elterritorialweb.com.ar\/web\/wp-json\/wp\/v2\/posts\/32320\/revisions"}],"predecessor-version":[{"id":32323,"href":"https:\/\/elterritorialweb.com.ar\/web\/wp-json\/wp\/v2\/posts\/32320\/revisions\/32323"}],"wp:featuredmedia":[{"embeddable":true,"href":"https:\/\/elterritorialweb.com.ar\/web\/wp-json\/wp\/v2\/media\/32322"}],"wp:attachment":[{"href":"https:\/\/elterritorialweb.com.ar\/web\/wp-json\/wp\/v2\/media?parent=32320"}],"wp:term":[{"taxonomy":"category","embeddable":true,"href":"https:\/\/elterritorialweb.com.ar\/web\/wp-json\/wp\/v2\/categories?post=32320"},{"taxonomy":"post_tag","embeddable":true,"href":"https:\/\/elterritorialweb.com.ar\/web\/wp-json\/wp\/v2\/tags?post=32320"}],"curies":[{"name":"wp","href":"https:\/\/api.w.org\/{rel}","templated":true}]}}