{"id":32324,"date":"2022-01-04T21:21:32","date_gmt":"2022-01-04T21:21:32","guid":{"rendered":"http:\/\/elterritorialweb.com.ar\/web\/?p=32324"},"modified":"2022-01-04T21:21:33","modified_gmt":"2022-01-04T21:21:33","slug":"frias-inauguran-la-temporada-de-pileta-y-recreacion-en-el-parque-florencia-genesir","status":"publish","type":"post","link":"https:\/\/elterritorialweb.com.ar\/web\/frias-inauguran-la-temporada-de-pileta-y-recreacion-en-el-parque-florencia-genesir\/","title":{"rendered":"FR\u00cdAS: INAUGURAN LA TEMPORADA DE PILETA Y RECREACI\u00d3N EN EL PARQUE FLORENCIA GENESIR"},"content":{"rendered":"\n<p>La misma estar\u00e1 abierta al p\u00fablico todos los d\u00edas de 15.30 a 20.30, en el caso de los menores deber\u00e1n estar acompa\u00f1ados de un persona responsable y la pileta para adultos estar\u00e1 habilitada de 21 a 23.45 horas. Las personas interesadas en asistir deber\u00e1n realizar una revisi\u00f3n sanitaria (m\u00e9dica) la cual tendr\u00e1 una duraci\u00f3n de 15 d\u00edas (la misma tendr\u00e1 un valor de $100 adem\u00e1s de abonar por d\u00eda el uso de la piscina (cincuenta pesos).<\/p>\n\n\n\n<figure class=\"wp-block-image size-full\"><a href=\"https:\/\/i0.wp.com\/elterritorialweb.com.ar\/web\/wp-content\/uploads\/2022\/01\/FB_IMG_1641330957224-1.jpg\"><img data-recalc-dims=\"1\" decoding=\"async\" width=\"640\" height=\"427\" data-src=\"https:\/\/i0.wp.com\/elterritorialweb.com.ar\/web\/wp-content\/uploads\/2022\/01\/FB_IMG_1641330957224-1.jpg?resize=640%2C427\" alt=\"\" class=\"wp-image-32328 lazyload\" data-srcset=\"https:\/\/i0.wp.com\/elterritorialweb.com.ar\/web\/wp-content\/uploads\/2022\/01\/FB_IMG_1641330957224-1.jpg?w=720&amp;ssl=1 720w, https:\/\/i0.wp.com\/elterritorialweb.com.ar\/web\/wp-content\/uploads\/2022\/01\/FB_IMG_1641330957224-1.jpg?resize=300%2C200&amp;ssl=1 300w\" data-sizes=\"(max-width: 640px) 100vw, 640px\" src=\"data:image\/svg+xml;base64,PHN2ZyB3aWR0aD0iMSIgaGVpZ2h0PSIxIiB4bWxucz0iaHR0cDovL3d3dy53My5vcmcvMjAwMC9zdmciPjwvc3ZnPg==\" style=\"--smush-placeholder-width: 640px; --smush-placeholder-aspect-ratio: 640\/427;\" \/><\/a><\/figure>\n\n\n\n<p><br>En el caso de los empleados municipales ( planta, jornal, contratado c\/aporte y becado) tendr\u00e1n un descuentos del 50% en la pileta y en los alquileres de los quinchos, asadores, canchas y todas instalaciones que ofrece el camping municipal.<\/p>\n\n\n\n<figure class=\"wp-block-image size-full\"><a href=\"https:\/\/i0.wp.com\/elterritorialweb.com.ar\/web\/wp-content\/uploads\/2022\/01\/FB_IMG_1641330960172-1.jpg\"><img data-recalc-dims=\"1\" decoding=\"async\" width=\"640\" height=\"427\" data-src=\"https:\/\/i0.wp.com\/elterritorialweb.com.ar\/web\/wp-content\/uploads\/2022\/01\/FB_IMG_1641330960172-1.jpg?resize=640%2C427\" alt=\"\" class=\"wp-image-32329 lazyload\" data-srcset=\"https:\/\/i0.wp.com\/elterritorialweb.com.ar\/web\/wp-content\/uploads\/2022\/01\/FB_IMG_1641330960172-1.jpg?w=720&amp;ssl=1 720w, https:\/\/i0.wp.com\/elterritorialweb.com.ar\/web\/wp-content\/uploads\/2022\/01\/FB_IMG_1641330960172-1.jpg?resize=300%2C200&amp;ssl=1 300w\" data-sizes=\"(max-width: 640px) 100vw, 640px\" src=\"data:image\/svg+xml;base64,PHN2ZyB3aWR0aD0iMSIgaGVpZ2h0PSIxIiB4bWxucz0iaHR0cDovL3d3dy53My5vcmcvMjAwMC9zdmciPjwvc3ZnPg==\" style=\"--smush-placeholder-width: 640px; --smush-placeholder-aspect-ratio: 640\/427;\" \/><\/a><\/figure>\n\n\n\n<p>Cabe recordar que en el mismo predio del Parque Municipal Florencia Genesir las actividades deportivas son diversas de manera permanente, trabajando en cada una de ellas con los protocolos sanitarios y se seguridad correspondientes debiendo contar todos los asistentes de su Pase Sanitario.<\/p>\n\n\n\n<p><\/p>\n","protected":false},"excerpt":{"rendered":"<p>La Municipalidad de Fr\u00edas a trav\u00e9s de la Subsecretar\u00eda de Deportes y Recreaci\u00f3n dej\u00f3 oficialmente inaugurada en la noche de ayer la temporada de la pileta en el Parque Florencia Genesir con la presencia del Secretario de Gobierno Prof. Santiago Padula, del Secretario de Producci\u00f3n y Turismo Sr. Claudio Coronel, el subsecretario y Director de Deportes Prof. Armando Stanley y Marcelo Griguoli respectivamente.<\/p>\n","protected":false},"author":2,"featured_media":32325,"comment_status":"open","ping_status":"open","sticky":false,"template":"","format":"standard","meta":{"om_disable_all_campaigns":false,"_monsterinsights_skip_tracking":false,"_monsterinsights_sitenote_active":false,"_monsterinsights_sitenote_note":"","_monsterinsights_sitenote_category":0,"_uf_show_specific_survey":0,"_uf_disable_surveys":false,"jetpack_post_was_ever_published":false,"_jetpack_newsletter_access":"","_jetpack_dont_email_post_to_subs":false,"_jetpack_newsletter_tier_id":0,"_jetpack_memberships_contains_paywalled_content":false,"_jetpack_memberships_contains_paid_content":false,"footnotes":"","jetpack_publicize_message":"","jetpack_publicize_feature_enabled":true,"jetpack_social_post_already_shared":false,"jetpack_social_options":{"image_generator_settings":{"template":"highway","default_image_id":0,"font":"","enabled":false},"version":2}},"categories":[21],"tags":[],"class_list":["post-32324","post","type-post","status-publish","format-standard","has-post-thumbnail","hentry","category-locales"],"aioseo_notices":[],"views":10,"jetpack_publicize_connections":[],"jetpack_featured_media_url":"https:\/\/i0.wp.com\/elterritorialweb.com.ar\/web\/wp-content\/uploads\/2022\/01\/FB_IMG_1641330954630.jpg?fit=720%2C324&ssl=1","jetpack_sharing_enabled":true,"_links":{"self":[{"href":"https:\/\/elterritorialweb.com.ar\/web\/wp-json\/wp\/v2\/posts\/32324","targetHints":{"allow":["GET"]}}],"collection":[{"href":"https:\/\/elterritorialweb.com.ar\/web\/wp-json\/wp\/v2\/posts"}],"about":[{"href":"https:\/\/elterritorialweb.com.ar\/web\/wp-json\/wp\/v2\/types\/post"}],"author":[{"embeddable":true,"href":"https:\/\/elterritorialweb.com.ar\/web\/wp-json\/wp\/v2\/users\/2"}],"replies":[{"embeddable":true,"href":"https:\/\/elterritorialweb.com.ar\/web\/wp-json\/wp\/v2\/comments?post=32324"}],"version-history":[{"count":1,"href":"https:\/\/elterritorialweb.com.ar\/web\/wp-json\/wp\/v2\/posts\/32324\/revisions"}],"predecessor-version":[{"id":32330,"href":"https:\/\/elterritorialweb.com.ar\/web\/wp-json\/wp\/v2\/posts\/32324\/revisions\/32330"}],"wp:featuredmedia":[{"embeddable":true,"href":"https:\/\/elterritorialweb.com.ar\/web\/wp-json\/wp\/v2\/media\/32325"}],"wp:attachment":[{"href":"https:\/\/elterritorialweb.com.ar\/web\/wp-json\/wp\/v2\/media?parent=32324"}],"wp:term":[{"taxonomy":"category","embeddable":true,"href":"https:\/\/elterritorialweb.com.ar\/web\/wp-json\/wp\/v2\/categories?post=32324"},{"taxonomy":"post_tag","embeddable":true,"href":"https:\/\/elterritorialweb.com.ar\/web\/wp-json\/wp\/v2\/tags?post=32324"}],"curies":[{"name":"wp","href":"https:\/\/api.w.org\/{rel}","templated":true}]}}