{"id":32331,"date":"2022-01-05T02:36:34","date_gmt":"2022-01-05T02:36:34","guid":{"rendered":"http:\/\/elterritorialweb.com.ar\/web\/?p=32331"},"modified":"2022-01-05T02:47:41","modified_gmt":"2022-01-05T02:47:41","slug":"tres-flamantes-refuerzos-se-suman-al-plantel-ferroviario","status":"publish","type":"post","link":"https:\/\/elterritorialweb.com.ar\/web\/tres-flamantes-refuerzos-se-suman-al-plantel-ferroviario\/","title":{"rendered":"TRES FLAMANTES REFUERZOS SE SUMAN AL PLANTEL FERROVIARIO"},"content":{"rendered":"\n<p>Francisco Grahl es un mediocampista ofensivo de 30 a\u00f1os; se inici\u00f3 profesionalmente en Almirante Brown, luego tuvo un paso por Boca Juniors pero no disput\u00f3 partidos. Tambi\u00e9n jug\u00f3 en Atl\u00e9tico Tucum\u00e1n, Almagro, San Mart\u00edn de San Juan y su \u00faltimo club fue Aldosivi de Mar del Plata.<\/p>\n\n\n\n<p>Fabio Pereyra es defensor central de 31 a\u00f1os. Arranc\u00f3 en la C.A.I de Comodoro Rivadavia, luego jug\u00f3 en Tiro Federal de Rosario, Independiente de Chivilcoy, San Jorge de Tucum\u00e1n, Arsenal de Sarand\u00ed y Melgar de Per\u00fa.<\/p>\n\n\n\n<p>Mat\u00edas Ruiz D\u00edaz es un lateral derecho de 25 a\u00f1os nacido en La Plata. Comenz\u00f3 su carrera en Estudiantes en 2017 y luego pas\u00f3 a pr\u00e9stamo a Guillermo Brown de Puerto Madryn en donde estaba desde el 2019.<\/p>\n\n\n\n<p>Los tres jugadores iniciar\u00e1n la pretemporada ma\u00f1ana junto al resto de sus compa\u00f1eros en el predio del Iosep<\/p>\n\n\n\n<p><\/p>\n","protected":false},"excerpt":{"rendered":"<p>Se trata de el mediocampista Francisco Grahl y los defensores Fabio Pereyra y Mat\u00edas Ruiz D\u00edaz, que firmaron hoy sus respectivos contratos hasta el 31 de Diciembre de este a\u00f1o.<\/p>\n","protected":false},"author":2,"featured_media":32334,"comment_status":"open","ping_status":"open","sticky":false,"template":"","format":"standard","meta":{"om_disable_all_campaigns":false,"_monsterinsights_skip_tracking":false,"_monsterinsights_sitenote_active":false,"_monsterinsights_sitenote_note":"","_monsterinsights_sitenote_category":0,"_uf_show_specific_survey":0,"_uf_disable_surveys":false,"jetpack_post_was_ever_published":false,"_jetpack_newsletter_access":"","_jetpack_dont_email_post_to_subs":false,"_jetpack_newsletter_tier_id":0,"_jetpack_memberships_contains_paywalled_content":false,"_jetpack_memberships_contains_paid_content":false,"footnotes":"","jetpack_publicize_message":"","jetpack_publicize_feature_enabled":true,"jetpack_social_post_already_shared":false,"jetpack_social_options":{"image_generator_settings":{"template":"highway","default_image_id":0,"font":"","enabled":false},"version":2}},"categories":[6],"tags":[],"class_list":["post-32331","post","type-post","status-publish","format-standard","has-post-thumbnail","hentry","category-deportes"],"aioseo_notices":[],"views":13,"jetpack_publicize_connections":[],"jetpack_featured_media_url":"https:\/\/i0.wp.com\/elterritorialweb.com.ar\/web\/wp-content\/uploads\/2022\/01\/IMG-20220104-WA00402.jpg?fit=1280%2C942&ssl=1","jetpack_sharing_enabled":true,"_links":{"self":[{"href":"https:\/\/elterritorialweb.com.ar\/web\/wp-json\/wp\/v2\/posts\/32331","targetHints":{"allow":["GET"]}}],"collection":[{"href":"https:\/\/elterritorialweb.com.ar\/web\/wp-json\/wp\/v2\/posts"}],"about":[{"href":"https:\/\/elterritorialweb.com.ar\/web\/wp-json\/wp\/v2\/types\/post"}],"author":[{"embeddable":true,"href":"https:\/\/elterritorialweb.com.ar\/web\/wp-json\/wp\/v2\/users\/2"}],"replies":[{"embeddable":true,"href":"https:\/\/elterritorialweb.com.ar\/web\/wp-json\/wp\/v2\/comments?post=32331"}],"version-history":[{"count":3,"href":"https:\/\/elterritorialweb.com.ar\/web\/wp-json\/wp\/v2\/posts\/32331\/revisions"}],"predecessor-version":[{"id":32340,"href":"https:\/\/elterritorialweb.com.ar\/web\/wp-json\/wp\/v2\/posts\/32331\/revisions\/32340"}],"wp:featuredmedia":[{"embeddable":true,"href":"https:\/\/elterritorialweb.com.ar\/web\/wp-json\/wp\/v2\/media\/32334"}],"wp:attachment":[{"href":"https:\/\/elterritorialweb.com.ar\/web\/wp-json\/wp\/v2\/media?parent=32331"}],"wp:term":[{"taxonomy":"category","embeddable":true,"href":"https:\/\/elterritorialweb.com.ar\/web\/wp-json\/wp\/v2\/categories?post=32331"},{"taxonomy":"post_tag","embeddable":true,"href":"https:\/\/elterritorialweb.com.ar\/web\/wp-json\/wp\/v2\/tags?post=32331"}],"curies":[{"name":"wp","href":"https:\/\/api.w.org\/{rel}","templated":true}]}}