{"id":32402,"date":"2022-01-07T05:13:06","date_gmt":"2022-01-07T05:13:06","guid":{"rendered":"http:\/\/elterritorialweb.com.ar\/web\/?p=32402"},"modified":"2022-01-07T05:13:15","modified_gmt":"2022-01-07T05:13:15","slug":"autoridades-municipales-recomiendan-mantener-templos-e-iglesias-cerradas-para-evitar-contagios","status":"publish","type":"post","link":"https:\/\/elterritorialweb.com.ar\/web\/autoridades-municipales-recomiendan-mantener-templos-e-iglesias-cerradas-para-evitar-contagios\/","title":{"rendered":"AUTORIDADES MUNICIPALES RECOMIENDAN MANTENER TEMPLOS E IGLESIAS CERRADAS PARA EVITAR CONTAGIOS"},"content":{"rendered":"\n<p><br>Seg\u00fan expuso, el responsable del \u00e1rea, Roberto Jaimes que \u201cAnte la alarmante ola de contagios, sugiere como medida preventiva la suspensi\u00f3n de actividades religiosas en los templos de la ciudad por el t\u00e9rmino de una semana, como medida colaborativa y de cuidado de la salud de los fieles y ciudadanos en general de nuestra ciudad\u201d.<br>Asimismo, explica que \u201cdeber\u00e1n extremarse las medidas preventivas dispuesta por las autoridades sanitarias para frenar los contagios y combatir entre todos a la pandemia\u201d.<br>Cabe destacar, que durante la primera semana del nuevo a\u00f1o, los casos positivos de covid han aumentado en un porcentaje alto poniendo a las autoridades en alerta para la revisi\u00f3n y an\u00e1lisis de cada actividad; como tambi\u00e9n sobre la importancia de reforzar los protocolos de bioseguridad.<\/p>\n","protected":false},"excerpt":{"rendered":"<p>La Oficina de Religiones y Culto dependiente de la Secretaria de Gobierno de la Municipalidad de La Banda emiti\u00f3 un comunicado recomendando a las comunidades religiosas de la ciudad de La Banda de tomar recaudos por el avance de contagio por el virus Covid-19.<\/p>\n","protected":false},"author":2,"featured_media":32403,"comment_status":"open","ping_status":"open","sticky":false,"template":"","format":"standard","meta":{"om_disable_all_campaigns":false,"_monsterinsights_skip_tracking":false,"_monsterinsights_sitenote_active":false,"_monsterinsights_sitenote_note":"","_monsterinsights_sitenote_category":0,"_uf_show_specific_survey":0,"_uf_disable_surveys":false,"jetpack_post_was_ever_published":false,"_jetpack_newsletter_access":"","_jetpack_dont_email_post_to_subs":false,"_jetpack_newsletter_tier_id":0,"_jetpack_memberships_contains_paywalled_content":false,"_jetpack_memberships_contains_paid_content":false,"footnotes":"","jetpack_publicize_message":"","jetpack_publicize_feature_enabled":true,"jetpack_social_post_already_shared":false,"jetpack_social_options":{"image_generator_settings":{"template":"highway","default_image_id":0,"font":"","enabled":false},"version":2}},"categories":[21],"tags":[],"class_list":["post-32402","post","type-post","status-publish","format-standard","has-post-thumbnail","hentry","category-locales"],"aioseo_notices":[],"views":14,"jetpack_publicize_connections":[],"jetpack_featured_media_url":"https:\/\/i0.wp.com\/elterritorialweb.com.ar\/web\/wp-content\/uploads\/2022\/01\/IMG-20220106-WA0014.jpg?fit=696%2C402&ssl=1","jetpack_sharing_enabled":true,"_links":{"self":[{"href":"https:\/\/elterritorialweb.com.ar\/web\/wp-json\/wp\/v2\/posts\/32402","targetHints":{"allow":["GET"]}}],"collection":[{"href":"https:\/\/elterritorialweb.com.ar\/web\/wp-json\/wp\/v2\/posts"}],"about":[{"href":"https:\/\/elterritorialweb.com.ar\/web\/wp-json\/wp\/v2\/types\/post"}],"author":[{"embeddable":true,"href":"https:\/\/elterritorialweb.com.ar\/web\/wp-json\/wp\/v2\/users\/2"}],"replies":[{"embeddable":true,"href":"https:\/\/elterritorialweb.com.ar\/web\/wp-json\/wp\/v2\/comments?post=32402"}],"version-history":[{"count":1,"href":"https:\/\/elterritorialweb.com.ar\/web\/wp-json\/wp\/v2\/posts\/32402\/revisions"}],"predecessor-version":[{"id":32404,"href":"https:\/\/elterritorialweb.com.ar\/web\/wp-json\/wp\/v2\/posts\/32402\/revisions\/32404"}],"wp:featuredmedia":[{"embeddable":true,"href":"https:\/\/elterritorialweb.com.ar\/web\/wp-json\/wp\/v2\/media\/32403"}],"wp:attachment":[{"href":"https:\/\/elterritorialweb.com.ar\/web\/wp-json\/wp\/v2\/media?parent=32402"}],"wp:term":[{"taxonomy":"category","embeddable":true,"href":"https:\/\/elterritorialweb.com.ar\/web\/wp-json\/wp\/v2\/categories?post=32402"},{"taxonomy":"post_tag","embeddable":true,"href":"https:\/\/elterritorialweb.com.ar\/web\/wp-json\/wp\/v2\/tags?post=32402"}],"curies":[{"name":"wp","href":"https:\/\/api.w.org\/{rel}","templated":true}]}}