{"id":32405,"date":"2022-01-07T05:18:10","date_gmt":"2022-01-07T05:18:10","guid":{"rendered":"http:\/\/elterritorialweb.com.ar\/web\/?p=32405"},"modified":"2022-01-07T05:19:46","modified_gmt":"2022-01-07T05:19:46","slug":"operativo-integral-de-limpieza-y-fumigacion-en-barrios-bandenos","status":"publish","type":"post","link":"https:\/\/elterritorialweb.com.ar\/web\/operativo-integral-de-limpieza-y-fumigacion-en-barrios-bandenos\/","title":{"rendered":"OPERATIVO INTEGRAL DE LIMPIEZA Y FUMIGACI\u00d3N EN BARRIOS BANDE\u00d1OS"},"content":{"rendered":"\n<p>El operativo de limpieza de limpieza, const\u00f3 la erradicaci\u00f3n de un mini basural en el cuadrante Arribe\u00f1os y Pasos, por Urquiza y Belgrano que comprende parte de los barrios 9 de Julio y San Javier, donde adem\u00e1s, las maquinas fumigadoras recorrieron los alrededores de la zona trabajada.<\/p>\n\n\n\n<figure class=\"wp-block-image size-large\"><a href=\"https:\/\/i0.wp.com\/elterritorialweb.com.ar\/web\/wp-content\/uploads\/2022\/01\/IMG-20220106-WA0015.jpg\"><img data-recalc-dims=\"1\" decoding=\"async\" width=\"640\" height=\"288\" data-src=\"https:\/\/i0.wp.com\/elterritorialweb.com.ar\/web\/wp-content\/uploads\/2022\/01\/IMG-20220106-WA0015.jpg?resize=640%2C288\" alt=\"\" class=\"wp-image-32409 lazyload\" data-srcset=\"https:\/\/i0.wp.com\/elterritorialweb.com.ar\/web\/wp-content\/uploads\/2022\/01\/IMG-20220106-WA0015.jpg?resize=1024%2C461&amp;ssl=1 1024w, https:\/\/i0.wp.com\/elterritorialweb.com.ar\/web\/wp-content\/uploads\/2022\/01\/IMG-20220106-WA0015.jpg?resize=300%2C135&amp;ssl=1 300w, https:\/\/i0.wp.com\/elterritorialweb.com.ar\/web\/wp-content\/uploads\/2022\/01\/IMG-20220106-WA0015.jpg?resize=768%2C346&amp;ssl=1 768w, https:\/\/i0.wp.com\/elterritorialweb.com.ar\/web\/wp-content\/uploads\/2022\/01\/IMG-20220106-WA0015.jpg?resize=1536%2C692&amp;ssl=1 1536w, https:\/\/i0.wp.com\/elterritorialweb.com.ar\/web\/wp-content\/uploads\/2022\/01\/IMG-20220106-WA0015.jpg?w=1600&amp;ssl=1 1600w, https:\/\/i0.wp.com\/elterritorialweb.com.ar\/web\/wp-content\/uploads\/2022\/01\/IMG-20220106-WA0015.jpg?w=1280 1280w\" data-sizes=\"(max-width: 640px) 100vw, 640px\" src=\"data:image\/svg+xml;base64,PHN2ZyB3aWR0aD0iMSIgaGVpZ2h0PSIxIiB4bWxucz0iaHR0cDovL3d3dy53My5vcmcvMjAwMC9zdmciPjwvc3ZnPg==\" style=\"--smush-placeholder-width: 640px; --smush-placeholder-aspect-ratio: 640\/288;\" \/><\/a><\/figure>\n\n\n\n<p>Asimismo, el personal ejecut\u00f3 tareas de desmalezamiento y limpieza en el Paseo del Siglo y V\u00edas; intersecci\u00f3n de calles De\u00e1n Funes y Besares, como as\u00ed tambi\u00e9n, las tareas de limpieza se llevaron a cabo en el barrio 25 de Mayo 540 y 300 viviendas.<br>Desde la comuna, destacaron que las tareas se suman a las dem\u00e1s campa\u00f1as impulsadas por el intendente Pablo Mirolo, que promueven el cuidado de la limpieza de la ciudad, el medioambiente y la prevenci\u00f3n de formaciones de basurales y focos infecciosos que proliferan alima\u00f1as y el mosquito vector del dengue.<\/p>\n","protected":false},"excerpt":{"rendered":"<p>En el marco de la campa\u00f1a &#8216;La Banda Limpia es M\u00e1s Linda&#8217;, la Secretar\u00eda de Servicios P\u00fablicos de la Municipalidad de La Banda, desarroll\u00f3 un operativo integral de limpieza y fumigaci\u00f3n entre los barrios 9 de Julio y San Javier.<\/p>\n","protected":false},"author":2,"featured_media":32406,"comment_status":"open","ping_status":"open","sticky":false,"template":"","format":"standard","meta":{"om_disable_all_campaigns":false,"_monsterinsights_skip_tracking":false,"_monsterinsights_sitenote_active":false,"_monsterinsights_sitenote_note":"","_monsterinsights_sitenote_category":0,"_uf_show_specific_survey":0,"_uf_disable_surveys":false,"jetpack_post_was_ever_published":false,"_jetpack_newsletter_access":"","_jetpack_dont_email_post_to_subs":false,"_jetpack_newsletter_tier_id":0,"_jetpack_memberships_contains_paywalled_content":false,"_jetpack_memberships_contains_paid_content":false,"footnotes":"","jetpack_publicize_message":"","jetpack_publicize_feature_enabled":true,"jetpack_social_post_already_shared":false,"jetpack_social_options":{"image_generator_settings":{"template":"highway","default_image_id":0,"font":"","enabled":false},"version":2}},"categories":[21],"tags":[],"class_list":["post-32405","post","type-post","status-publish","format-standard","has-post-thumbnail","hentry","category-locales"],"aioseo_notices":[],"views":9,"jetpack_publicize_connections":[],"jetpack_featured_media_url":"https:\/\/i0.wp.com\/elterritorialweb.com.ar\/web\/wp-content\/uploads\/2022\/01\/IMG-20220106-WA0016.jpg?fit=1600%2C721&ssl=1","jetpack_sharing_enabled":true,"_links":{"self":[{"href":"https:\/\/elterritorialweb.com.ar\/web\/wp-json\/wp\/v2\/posts\/32405","targetHints":{"allow":["GET"]}}],"collection":[{"href":"https:\/\/elterritorialweb.com.ar\/web\/wp-json\/wp\/v2\/posts"}],"about":[{"href":"https:\/\/elterritorialweb.com.ar\/web\/wp-json\/wp\/v2\/types\/post"}],"author":[{"embeddable":true,"href":"https:\/\/elterritorialweb.com.ar\/web\/wp-json\/wp\/v2\/users\/2"}],"replies":[{"embeddable":true,"href":"https:\/\/elterritorialweb.com.ar\/web\/wp-json\/wp\/v2\/comments?post=32405"}],"version-history":[{"count":2,"href":"https:\/\/elterritorialweb.com.ar\/web\/wp-json\/wp\/v2\/posts\/32405\/revisions"}],"predecessor-version":[{"id":32410,"href":"https:\/\/elterritorialweb.com.ar\/web\/wp-json\/wp\/v2\/posts\/32405\/revisions\/32410"}],"wp:featuredmedia":[{"embeddable":true,"href":"https:\/\/elterritorialweb.com.ar\/web\/wp-json\/wp\/v2\/media\/32406"}],"wp:attachment":[{"href":"https:\/\/elterritorialweb.com.ar\/web\/wp-json\/wp\/v2\/media?parent=32405"}],"wp:term":[{"taxonomy":"category","embeddable":true,"href":"https:\/\/elterritorialweb.com.ar\/web\/wp-json\/wp\/v2\/categories?post=32405"},{"taxonomy":"post_tag","embeddable":true,"href":"https:\/\/elterritorialweb.com.ar\/web\/wp-json\/wp\/v2\/tags?post=32405"}],"curies":[{"name":"wp","href":"https:\/\/api.w.org\/{rel}","templated":true}]}}