{"id":32411,"date":"2022-01-07T05:29:02","date_gmt":"2022-01-07T05:29:02","guid":{"rendered":"http:\/\/elterritorialweb.com.ar\/web\/?p=32411"},"modified":"2022-01-07T05:29:02","modified_gmt":"2022-01-07T05:29:02","slug":"nuevos-centros-de-vacunacion-contra-el-covid-en-ciudad-capital","status":"publish","type":"post","link":"https:\/\/elterritorialweb.com.ar\/web\/nuevos-centros-de-vacunacion-contra-el-covid-en-ciudad-capital\/","title":{"rendered":"NUEVOS CENTROS DE VACUNACI\u00d3N CONTRA EL COVID EN CIUDAD CAPITAL"},"content":{"rendered":"\n<p><\/p>\n\n\n\n<p>El Ministerio de Salud informa que, en el contexto de aumento exponencial de casos de los \u00faltimos d\u00edas y luego de una reuni\u00f3n de trabajo mantenida por las autoridades sanitarias, encabezada por la ministra de Salud, Natividad Nassif, se resolvi\u00f3 habilitar nuevos centros permanentes de vacunaci\u00f3n, implementar la recomendaci\u00f3n de la Naci\u00f3n para la colocaci\u00f3n de dosis de refuerzo a partir de los 4 meses a toda la poblaci\u00f3n mayor de 18 a\u00f1os y redefinir los criterios de hisopado en los centros de testeo.<\/p>\n\n\n\n<p>Participaron de la reuni\u00f3n, la Dra. Martha Tarchini, Directora de Atenci\u00f3n Primaria de la Salud; el Lic. Ramiro Banco, Director de Salud Comunitaria; el Dr. Oscar Gallardo, Director de Atenci\u00f3n M\u00e9dica; el Dr. Aldo Gavicola, Director de Medicina Preventiva; la Coordinadora gral. De Enfermer\u00eda, Lic. Agustina G\u00f3mez, y el Supervisor gral. De APS, el Lic. Gonzalo Teran; y de manera virtual, con la Dra. Florencia Coronel, de la Secretar\u00eda T\u00e9cnica de Epidemiolog\u00eda<\/p>\n\n\n\n<h3 class=\"wp-block-heading\"><strong>Nuevos centros de vacunaci\u00f3n permanente<\/strong><\/h3>\n\n\n\n<p>Se habilitar\u00e1n dos nuevos vacunatorios en ciudad Capital, que funcionar\u00e1n a partir del lunes 10 de enero, en las instalaciones del Club Judiciales (calle Misiones 566) y en el Predio Deportivo del Bachillerato Humanista (Av. Pedro Le\u00f3n Gallo y Entre R\u00edos). Los mismos, estar\u00e1n abiertos de lunes a viernes de 8 a 12 hs.<\/p>\n\n\n\n<p>Pr\u00f3ximamente se anunciar\u00e1 la apertura de nuevos centros de vacunaci\u00f3n en ciudad de La Banda. En este sentido la Ministra de Salud, Lic. Nassif, insisti\u00f3 en \u201cla importancia de concurrir a los centros de vacunaci\u00f3n para completar el esquema de vacunas, a fin de aumentar la protecci\u00f3n de la poblaci\u00f3n para tener inmunidad y contar con un factor m\u00e1s de defensa ante el riesgo de contraer la enfermedad\u201d.<\/p>\n\n\n\n<h3 class=\"wp-block-heading\"><strong>Nueva recomendaci\u00f3n de aplicaci\u00f3n de dosis de refuerzo<\/strong><\/h3>\n\n\n\n<p>De acuerdo a lo dispuesto la Comisi\u00f3n Nacional de Inmunizaciones(CoNaIn) recomend\u00f3 la aplicaci\u00f3n de la dosis de refuerzo a toda la poblaci\u00f3n de 18 a\u00f1os o m\u00e1s, por lo menos a partir de 4 meses (120 d\u00edas) de haber completado el esquema inicial de Sputnik, Moderna, Astrazeneca, Sinopharm, Pfizer, o una dosis de Cansinos. En consecuencia, se realizar\u00e1n operativos de vacunaci\u00f3n durante las jornadas del 12, 13 y 14 de enero, para garantizar el acceso a la vacunaci\u00f3n. Pr\u00f3ximamente ser\u00e1n anunciados los lugares donde se llevar\u00e1 a cabo.<\/p>\n\n\n\n<p>Asimismo, dada la evidencia cient\u00edfica disponible al momento sobre la din\u00e1mica de producci\u00f3n de anticuerpos que genera la enfermedad causada por SARS CoV-2 y la interferencia que esto podr\u00eda ocasionar en la producci\u00f3n de anticuerpos por la vacunaci\u00f3n, se recomend\u00f3 aplazar 90 d\u00edas la aplicaci\u00f3n de la dosis de refuerzo en quienes sean confirmados como casos de COVID-19 (sintom\u00e1tica o asintom\u00e1tica) al momento de cumplir el intervalo de al menos 4 meses desde la aplicaci\u00f3n del esquema inicial.<\/p>\n\n\n\n<h3 class=\"wp-block-heading\"><strong>Criterios de hisopado a la poblaci\u00f3n<\/strong><\/h3>\n\n\n\n<p>En cuanto a la situaci\u00f3n epidemiol\u00f3gica de la provincia, la ministra afirm\u00f3 que \u201cla variante Delta est\u00e1 siendo desplazada por \u00d3micron, produciendo situaciones leves y moderadas en cuanto a la gravedad de los casos. Dado que la trasmisi\u00f3n ha sido exponencial en el corto plazo, se hace necesario tomar este tipo de decisiones que aseguren, por un lado, completar esquema de vacunaci\u00f3n y por otro, un diagn\u00f3stico oportuno\u201d.<\/p>\n\n\n\n<p>En relaci\u00f3n a qui\u00e9nes pueden solicitar hisopado, se defini\u00f3 en consenso nacional que, \u00fanicamente se hisopar\u00e1 a personas que deban viajar por razones sanitarias, y personas que presentan uno o m\u00e1s s\u00edntomas compatibles con COVID-19, es decir fiebre mayor a 37.5, tos seca, dolor de garganta, rinitis, falta de gusto y\/o olfato, dolor de cabeza.<\/p>\n\n\n\n<p>Si la persona tiene s\u00edntomas compatibles con COVID-19 y tuvo contacto estrecho con un caso positivo no es estrictamente necesario realizar un test para confirmar el diagn\u00f3stico, ya que, ante tan elevada circulaci\u00f3n viral, la confirmaci\u00f3n puede establecerse por nexo cl\u00ednico y epidemiol\u00f3gico.<\/p>\n\n\n\n<p>Finalmente se acord\u00f3 que no est\u00e1 indicado el hisopado para personas que hayan tenido un contacto estrecho con un caso confirmado, pero no presente s\u00edntomas, por lo cual solo deber\u00e1 realizar el aislamiento preventivo correspondiente.<\/p>\n\n\n\n<p>En este sentido, la Directora de APS, Dra. Tarchini, remarc\u00f3 que desde el lunes 3 de enero, todas las UPAS y CAPS, de ciudad capital y La Banda, se han sumado como centros de hisopado a los ya existente; atendiendo de lunes a viernes de 8 a 12 hs. sin turno.<\/p>\n","protected":false},"excerpt":{"rendered":"<p>Se habilitar\u00e1n nuevos centros de vacunaci\u00f3n contra covid-19 en la ciudad capital y recuerdan los criterios para solicitar testeos covid-19<\/p>\n","protected":false},"author":2,"featured_media":32412,"comment_status":"open","ping_status":"open","sticky":false,"template":"","format":"standard","meta":{"om_disable_all_campaigns":false,"_monsterinsights_skip_tracking":false,"_monsterinsights_sitenote_active":false,"_monsterinsights_sitenote_note":"","_monsterinsights_sitenote_category":0,"_uf_show_specific_survey":0,"_uf_disable_surveys":false,"jetpack_post_was_ever_published":false,"_jetpack_newsletter_access":"","_jetpack_dont_email_post_to_subs":false,"_jetpack_newsletter_tier_id":0,"_jetpack_memberships_contains_paywalled_content":false,"_jetpack_memberships_contains_paid_content":false,"footnotes":"","jetpack_publicize_message":"","jetpack_publicize_feature_enabled":true,"jetpack_social_post_already_shared":false,"jetpack_social_options":{"image_generator_settings":{"template":"highway","default_image_id":0,"font":"","enabled":false},"version":2}},"categories":[3],"tags":[],"class_list":["post-32411","post","type-post","status-publish","format-standard","has-post-thumbnail","hentry","category-salud"],"aioseo_notices":[],"views":6,"jetpack_publicize_connections":[],"jetpack_featured_media_url":"https:\/\/i0.wp.com\/elterritorialweb.com.ar\/web\/wp-content\/uploads\/2022\/01\/FB_IMG_1641533049980.jpg?fit=720%2C540&ssl=1","jetpack_sharing_enabled":true,"_links":{"self":[{"href":"https:\/\/elterritorialweb.com.ar\/web\/wp-json\/wp\/v2\/posts\/32411","targetHints":{"allow":["GET"]}}],"collection":[{"href":"https:\/\/elterritorialweb.com.ar\/web\/wp-json\/wp\/v2\/posts"}],"about":[{"href":"https:\/\/elterritorialweb.com.ar\/web\/wp-json\/wp\/v2\/types\/post"}],"author":[{"embeddable":true,"href":"https:\/\/elterritorialweb.com.ar\/web\/wp-json\/wp\/v2\/users\/2"}],"replies":[{"embeddable":true,"href":"https:\/\/elterritorialweb.com.ar\/web\/wp-json\/wp\/v2\/comments?post=32411"}],"version-history":[{"count":1,"href":"https:\/\/elterritorialweb.com.ar\/web\/wp-json\/wp\/v2\/posts\/32411\/revisions"}],"predecessor-version":[{"id":32413,"href":"https:\/\/elterritorialweb.com.ar\/web\/wp-json\/wp\/v2\/posts\/32411\/revisions\/32413"}],"wp:featuredmedia":[{"embeddable":true,"href":"https:\/\/elterritorialweb.com.ar\/web\/wp-json\/wp\/v2\/media\/32412"}],"wp:attachment":[{"href":"https:\/\/elterritorialweb.com.ar\/web\/wp-json\/wp\/v2\/media?parent=32411"}],"wp:term":[{"taxonomy":"category","embeddable":true,"href":"https:\/\/elterritorialweb.com.ar\/web\/wp-json\/wp\/v2\/categories?post=32411"},{"taxonomy":"post_tag","embeddable":true,"href":"https:\/\/elterritorialweb.com.ar\/web\/wp-json\/wp\/v2\/tags?post=32411"}],"curies":[{"name":"wp","href":"https:\/\/api.w.org\/{rel}","templated":true}]}}