{"id":32414,"date":"2022-01-07T05:35:53","date_gmt":"2022-01-07T05:35:53","guid":{"rendered":"http:\/\/elterritorialweb.com.ar\/web\/?p=32414"},"modified":"2022-01-07T05:36:35","modified_gmt":"2022-01-07T05:36:35","slug":"alerta-banda-colabora-en-esclarecimiento-se-un-robo-a-mano-armada","status":"publish","type":"post","link":"https:\/\/elterritorialweb.com.ar\/web\/alerta-banda-colabora-en-esclarecimiento-se-un-robo-a-mano-armada\/","title":{"rendered":"ALERTA BANDA COLABORA EN EL ESCLARECIMIENTO SE UN ROBO A MANO ARMADA"},"content":{"rendered":"\n<p><br>De acuerdo a las im\u00e1genes captadas por las c\u00e1maras de seguridad, la joven mujer se encontraba en la parada de colectivos sobre avenida 25 de Mayo a la altura de Calle 7 y fue sorprendida por un malviviente quien por despojarla de su tel\u00e9fono celular termin\u00f3 propinandole una grave herida con un arma blanca.<br>Al advertir la situaci\u00f3n, vecinos y transe\u00fantes ayudaron a la mujer herida quien fue trasladada por un remisero hasta la Base Prevenci\u00f3n N\u00b0 5 y posteriormente al Centro Integral de Salud Banda en donde se encuentra siendo asistida en estado de gravedad.<br>De acuerdo a lo indicado por integrantes de Alerta Banda, se lograron secuestrar el el lugar una gorra y el arma con el que se habr\u00eda cometido el delito.<br>La denuncia fue elevada a Fiscalia para el inicio del proceso de aprehensi\u00f3n del delincuente que todav\u00eda no fue identificado.<\/p>\n","protected":false},"excerpt":{"rendered":"<p>A trav\u00e9s del Sistema de Seguridad de Alerta Banda se lograron captar im\u00e1genes del momento en el que una joven mujer fue v\u00edctima del robo de su tel\u00e9fono celular y result\u00f3 con una herida de arma blanca.<\/p>\n","protected":false},"author":2,"featured_media":32415,"comment_status":"open","ping_status":"open","sticky":false,"template":"","format":"standard","meta":{"om_disable_all_campaigns":false,"_monsterinsights_skip_tracking":false,"_monsterinsights_sitenote_active":false,"_monsterinsights_sitenote_note":"","_monsterinsights_sitenote_category":0,"_uf_show_specific_survey":0,"_uf_disable_surveys":false,"jetpack_post_was_ever_published":false,"_jetpack_newsletter_access":"","_jetpack_dont_email_post_to_subs":false,"_jetpack_newsletter_tier_id":0,"_jetpack_memberships_contains_paywalled_content":false,"_jetpack_memberships_contains_paid_content":false,"footnotes":"","jetpack_publicize_message":"","jetpack_publicize_feature_enabled":true,"jetpack_social_post_already_shared":false,"jetpack_social_options":{"image_generator_settings":{"template":"highway","default_image_id":0,"font":"","enabled":false},"version":2}},"categories":[21],"tags":[],"class_list":["post-32414","post","type-post","status-publish","format-standard","has-post-thumbnail","hentry","category-locales"],"aioseo_notices":[],"views":15,"jetpack_publicize_connections":[],"jetpack_featured_media_url":"https:\/\/i0.wp.com\/elterritorialweb.com.ar\/web\/wp-content\/uploads\/2022\/01\/IMG-20220107-WA0012.jpg?fit=1190%2C720&ssl=1","jetpack_sharing_enabled":true,"_links":{"self":[{"href":"https:\/\/elterritorialweb.com.ar\/web\/wp-json\/wp\/v2\/posts\/32414","targetHints":{"allow":["GET"]}}],"collection":[{"href":"https:\/\/elterritorialweb.com.ar\/web\/wp-json\/wp\/v2\/posts"}],"about":[{"href":"https:\/\/elterritorialweb.com.ar\/web\/wp-json\/wp\/v2\/types\/post"}],"author":[{"embeddable":true,"href":"https:\/\/elterritorialweb.com.ar\/web\/wp-json\/wp\/v2\/users\/2"}],"replies":[{"embeddable":true,"href":"https:\/\/elterritorialweb.com.ar\/web\/wp-json\/wp\/v2\/comments?post=32414"}],"version-history":[{"count":2,"href":"https:\/\/elterritorialweb.com.ar\/web\/wp-json\/wp\/v2\/posts\/32414\/revisions"}],"predecessor-version":[{"id":32417,"href":"https:\/\/elterritorialweb.com.ar\/web\/wp-json\/wp\/v2\/posts\/32414\/revisions\/32417"}],"wp:featuredmedia":[{"embeddable":true,"href":"https:\/\/elterritorialweb.com.ar\/web\/wp-json\/wp\/v2\/media\/32415"}],"wp:attachment":[{"href":"https:\/\/elterritorialweb.com.ar\/web\/wp-json\/wp\/v2\/media?parent=32414"}],"wp:term":[{"taxonomy":"category","embeddable":true,"href":"https:\/\/elterritorialweb.com.ar\/web\/wp-json\/wp\/v2\/categories?post=32414"},{"taxonomy":"post_tag","embeddable":true,"href":"https:\/\/elterritorialweb.com.ar\/web\/wp-json\/wp\/v2\/tags?post=32414"}],"curies":[{"name":"wp","href":"https:\/\/api.w.org\/{rel}","templated":true}]}}