{"id":32421,"date":"2022-01-07T17:32:06","date_gmt":"2022-01-07T17:32:06","guid":{"rendered":"http:\/\/elterritorialweb.com.ar\/web\/?p=32421"},"modified":"2022-01-07T17:32:07","modified_gmt":"2022-01-07T17:32:07","slug":"la-municipalidad-de-la-banda-realizo-mas-de-100-hisopados-por-covid-en-el-cic-san-carlos","status":"publish","type":"post","link":"https:\/\/elterritorialweb.com.ar\/web\/la-municipalidad-de-la-banda-realizo-mas-de-100-hisopados-por-covid-en-el-cic-san-carlos\/","title":{"rendered":"LA MUNICIPALIDAD DE LA BANDA REALIZ\u00d3 M\u00c1S DE 100 HISOPADOS POR COVID EN EL CIC SAN CARLOS"},"content":{"rendered":"\n<p>Seg\u00fan lo expresado por el director Cesar Scabuzzo, \u201cen la jornada se realizar\u00e1n m\u00e1s de 100 hisopados para determinar positivos y negativos en la ciudad\u201d.<br>\u201cNos encontramos en una jornada m\u00e1s de hisopado, que acorde a la situaci\u00f3n y a la cantidad de casos creo que fue muy conveniente intensificar la cantidad de asistencias y testeos con la misma modalidad que en todos lados; solo que en esta dependencia como lo es el CIC San Carlos con amplias instalaciones. Hemos dispuesto 5 a 6 hisopadores con sus planilleros y ayudantes, y con un zoom que tiene ventilaci\u00f3n y es amplio y lo que nos permite realizar estas tareas de forma c\u00f3moda y segura\u201d, explic\u00f3 Scabuzzo.<br>Adem\u00e1s, afirm\u00f3 que, \u201cLo importante es que podemos respetar el protocolo, con el distanciamiento adecuado de 2 metros y a disponer de una entrada y salida separadas\u201d.<br>\u201cSe realizaron test r\u00e1pidos y el hisopado conocido con muestras en ambos casos; a lo que gracias al dialogo y a la gesti\u00f3n del intendente Pablo Mirolo con el Ministerio de Salud de la Provincia se puede contar para contener en ambos casos a los bande\u00f1os que lo requieran\u201d.<br>Asimismo, el responsable del \u00e1rea de Salud del CIC, Gast\u00f3n Torrez dijo que, \u201cEste operativo es producto de un gran trabajo y organizaci\u00f3n y se logra concretar, gracias a contar con las herramientas de trabajo que nos dispone la gesti\u00f3n del intendente Pablo Mirolo\u201d. Podemos asistir a los vecinos en una dependencia alejada que brinda todas las comodidades para que los vecinos se sientan atendidos y contenidos en esta pandemia. Ve\u00edamos muy necesaria, darle a los vecinos la opci\u00f3n de no ir hasta el centro de la ciudad sino llegarse directamente al centro integral para hisoparse y sacarse las dudas\u201d.<br>Finalmente, la directora del CIC, Patricia Villacorta remarc\u00f3 que, \u201cla dependencia se desinfecta en totalidad una vez finalizado el operativo de testeo; llevando tranquilidad para los vecinos que realizan actividades en el local comunal\u201d.<br>Trabajaron en el lugar personal del centro, de Alerta Banda, Transito y personal de la Polic\u00eda de la Provincia de Santiago del Estero.<\/p>\n","protected":false},"excerpt":{"rendered":"<p>La Direcci\u00f3n General de Salud dependiente de la Secretaria de Desarrollo Humano de la Municipalidad de La Banda en conjunto con el Centro Integral Comunitario del barrio San Carlos llev\u00f3 a cabo en la ma\u00f1ana del viernes, un gran operativo de hisopados y testeos r\u00e1pidos por Covid-19.<\/p>\n","protected":false},"author":2,"featured_media":32422,"comment_status":"open","ping_status":"open","sticky":false,"template":"","format":"standard","meta":{"om_disable_all_campaigns":false,"_monsterinsights_skip_tracking":false,"_monsterinsights_sitenote_active":false,"_monsterinsights_sitenote_note":"","_monsterinsights_sitenote_category":0,"_uf_show_specific_survey":0,"_uf_disable_surveys":false,"jetpack_post_was_ever_published":false,"_jetpack_newsletter_access":"","_jetpack_dont_email_post_to_subs":false,"_jetpack_newsletter_tier_id":0,"_jetpack_memberships_contains_paywalled_content":false,"_jetpack_memberships_contains_paid_content":false,"footnotes":"","jetpack_publicize_message":"","jetpack_publicize_feature_enabled":true,"jetpack_social_post_already_shared":false,"jetpack_social_options":{"image_generator_settings":{"template":"highway","default_image_id":0,"font":"","enabled":false},"version":2}},"categories":[3],"tags":[],"class_list":["post-32421","post","type-post","status-publish","format-standard","has-post-thumbnail","hentry","category-salud"],"aioseo_notices":[],"views":11,"jetpack_publicize_connections":[],"jetpack_featured_media_url":"https:\/\/i0.wp.com\/elterritorialweb.com.ar\/web\/wp-content\/uploads\/2022\/01\/IMG-20220107-WA0020.jpg?fit=1280%2C960&ssl=1","jetpack_sharing_enabled":true,"_links":{"self":[{"href":"https:\/\/elterritorialweb.com.ar\/web\/wp-json\/wp\/v2\/posts\/32421","targetHints":{"allow":["GET"]}}],"collection":[{"href":"https:\/\/elterritorialweb.com.ar\/web\/wp-json\/wp\/v2\/posts"}],"about":[{"href":"https:\/\/elterritorialweb.com.ar\/web\/wp-json\/wp\/v2\/types\/post"}],"author":[{"embeddable":true,"href":"https:\/\/elterritorialweb.com.ar\/web\/wp-json\/wp\/v2\/users\/2"}],"replies":[{"embeddable":true,"href":"https:\/\/elterritorialweb.com.ar\/web\/wp-json\/wp\/v2\/comments?post=32421"}],"version-history":[{"count":1,"href":"https:\/\/elterritorialweb.com.ar\/web\/wp-json\/wp\/v2\/posts\/32421\/revisions"}],"predecessor-version":[{"id":32423,"href":"https:\/\/elterritorialweb.com.ar\/web\/wp-json\/wp\/v2\/posts\/32421\/revisions\/32423"}],"wp:featuredmedia":[{"embeddable":true,"href":"https:\/\/elterritorialweb.com.ar\/web\/wp-json\/wp\/v2\/media\/32422"}],"wp:attachment":[{"href":"https:\/\/elterritorialweb.com.ar\/web\/wp-json\/wp\/v2\/media?parent=32421"}],"wp:term":[{"taxonomy":"category","embeddable":true,"href":"https:\/\/elterritorialweb.com.ar\/web\/wp-json\/wp\/v2\/categories?post=32421"},{"taxonomy":"post_tag","embeddable":true,"href":"https:\/\/elterritorialweb.com.ar\/web\/wp-json\/wp\/v2\/tags?post=32421"}],"curies":[{"name":"wp","href":"https:\/\/api.w.org\/{rel}","templated":true}]}}