{"id":32424,"date":"2022-01-07T17:39:40","date_gmt":"2022-01-07T17:39:40","guid":{"rendered":"http:\/\/elterritorialweb.com.ar\/web\/?p=32424"},"modified":"2022-01-07T17:39:51","modified_gmt":"2022-01-07T17:39:51","slug":"taller-gratuito-de-danzas-folcloricas-argentinas-en-la-plaza-belgrano","status":"publish","type":"post","link":"https:\/\/elterritorialweb.com.ar\/web\/taller-gratuito-de-danzas-folcloricas-argentinas-en-la-plaza-belgrano\/","title":{"rendered":"TALLER GRATUITO DE DANZAS FOLCL\u00d3RICAS ARGENTINAS EN LA PLAZA BELGRANO"},"content":{"rendered":"\n<p>El jueves a la tarde, la Direcci\u00f3n de la Juventud de la Municipalidad de La Banda, lanz\u00f3 con \u00e9xito el Taller de Danzas Folcl\u00f3ricas Argentinas, que forma parte del proyecto \u2018Vive La Banda Verano Sano\u2019 impulsado por el intendente Pablo Mirolo.<br><br>El profesor Claudio Torres estar\u00e1 a cargo de esta actividad orientada a hombres y mujeres a partir de los 12 a\u00f1os de edad que aprender\u00e1n diferentes t\u00e9cnicas y ritmos de nuestro folclore argentino.<br><\/p>\n\n\n\n<p>La Direcci\u00f3n de la Juventud dependiente de la Secretar\u00eda de Desarrollo Humano es la encargada de desarrollar este proyecto que cuenta con diversas actividades y espacios, y tiene por objetivo fortalecer la vida saludable, promoviendo el arte y la cultura en la \u00abCuna de Poetas y Cantores\u00bb.<br><\/p>\n\n\n\n<p>La directora Florencia Ledesma tambi\u00e9n explic\u00f3 que esta iniciativa pretende promover la participaci\u00f3n de los j\u00f3venes junto a sus familias potenciando sus habilidades, a trav\u00e9s de actividades saludables, art\u00edsticas y culturales.<\/p>\n","protected":false},"excerpt":{"rendered":"<p>Se desarrollar\u00e1n todos los jueves y viernes de 20 a 22 en la Plaza Manuel Belgrano, durante el mes de enero.<\/p>\n","protected":false},"author":2,"featured_media":32425,"comment_status":"open","ping_status":"open","sticky":false,"template":"","format":"standard","meta":{"om_disable_all_campaigns":false,"_monsterinsights_skip_tracking":false,"_monsterinsights_sitenote_active":false,"_monsterinsights_sitenote_note":"","_monsterinsights_sitenote_category":0,"_uf_show_specific_survey":0,"_uf_disable_surveys":false,"jetpack_post_was_ever_published":false,"_jetpack_newsletter_access":"","_jetpack_dont_email_post_to_subs":false,"_jetpack_newsletter_tier_id":0,"_jetpack_memberships_contains_paywalled_content":false,"_jetpack_memberships_contains_paid_content":false,"footnotes":"","jetpack_publicize_message":"","jetpack_publicize_feature_enabled":true,"jetpack_social_post_already_shared":false,"jetpack_social_options":{"image_generator_settings":{"template":"highway","default_image_id":0,"font":"","enabled":false},"version":2}},"categories":[19],"tags":[],"class_list":["post-32424","post","type-post","status-publish","format-standard","has-post-thumbnail","hentry","category-educacion"],"aioseo_notices":[],"views":17,"jetpack_publicize_connections":[],"jetpack_featured_media_url":"https:\/\/i0.wp.com\/elterritorialweb.com.ar\/web\/wp-content\/uploads\/2022\/01\/IMG-20220107-WA0017.jpg?fit=1280%2C783&ssl=1","jetpack_sharing_enabled":true,"_links":{"self":[{"href":"https:\/\/elterritorialweb.com.ar\/web\/wp-json\/wp\/v2\/posts\/32424","targetHints":{"allow":["GET"]}}],"collection":[{"href":"https:\/\/elterritorialweb.com.ar\/web\/wp-json\/wp\/v2\/posts"}],"about":[{"href":"https:\/\/elterritorialweb.com.ar\/web\/wp-json\/wp\/v2\/types\/post"}],"author":[{"embeddable":true,"href":"https:\/\/elterritorialweb.com.ar\/web\/wp-json\/wp\/v2\/users\/2"}],"replies":[{"embeddable":true,"href":"https:\/\/elterritorialweb.com.ar\/web\/wp-json\/wp\/v2\/comments?post=32424"}],"version-history":[{"count":1,"href":"https:\/\/elterritorialweb.com.ar\/web\/wp-json\/wp\/v2\/posts\/32424\/revisions"}],"predecessor-version":[{"id":32426,"href":"https:\/\/elterritorialweb.com.ar\/web\/wp-json\/wp\/v2\/posts\/32424\/revisions\/32426"}],"wp:featuredmedia":[{"embeddable":true,"href":"https:\/\/elterritorialweb.com.ar\/web\/wp-json\/wp\/v2\/media\/32425"}],"wp:attachment":[{"href":"https:\/\/elterritorialweb.com.ar\/web\/wp-json\/wp\/v2\/media?parent=32424"}],"wp:term":[{"taxonomy":"category","embeddable":true,"href":"https:\/\/elterritorialweb.com.ar\/web\/wp-json\/wp\/v2\/categories?post=32424"},{"taxonomy":"post_tag","embeddable":true,"href":"https:\/\/elterritorialweb.com.ar\/web\/wp-json\/wp\/v2\/tags?post=32424"}],"curies":[{"name":"wp","href":"https:\/\/api.w.org\/{rel}","templated":true}]}}