{"id":32501,"date":"2022-01-09T17:26:00","date_gmt":"2022-01-09T17:26:00","guid":{"rendered":"http:\/\/elterritorialweb.com.ar\/web\/?p=32501"},"modified":"2022-01-09T17:28:21","modified_gmt":"2022-01-09T17:28:21","slug":"coronavirus-en-santiago-se-confirmaron-2-505-casos-positivos-en-la-provincia","status":"publish","type":"post","link":"https:\/\/elterritorialweb.com.ar\/web\/coronavirus-en-santiago-se-confirmaron-2-505-casos-positivos-en-la-provincia\/","title":{"rendered":"CORONAVIRUS EN SANTIAGO: SE CONFIRMARON 2.505 CASOS POSITIVOS EN LA PROVINCIA"},"content":{"rendered":"\n<p>Se recuperaron quinientos ochenta y dos (582) casos, por lo que son setenta y nueve mil ochocientos setenta y seis (79.876) los casos recuperados en la provincia.<br><\/p>\n\n\n\n<p>No se notificaron personas fallecidas con diagn\u00f3stico de COVID-19 activo.<br><\/p>\n\n\n\n<p>Hay un total de mil ochenta y cuatro (1.084) personas positivas fallecidas en la provincia.<br><\/p>\n\n\n\n<p>Se procesaron un total de siete mil doscientos cincuenta y siete (7257) muestras el d\u00eda de hoy.<br><\/p>\n\n\n\n<p><strong>Se confirmaron dos mil quinientos cinco (2.505) casos positivos de COVID -19 en la provincia, Capital-Banda (1.830) e interior de la provincia (675): Abra Grande 3, Amicha 1, Antaje 2, A\u00f1atuya 39, Atoj Pozo 1, Bajo Grande 2, Bandera 6, Bandera Bajada 3, Barrialito 1, Beltran 2, Brea Pozo 2, Buey Muerto 1, Campo Gallo 6, Chauchillas 3, Chilca 1, Chilquitas 1,Clodomira 44, Colonia Dora 5, Colonia El Simbolar 2, Colonia Maria Elena 1, Colonia San Juan 1, Diente del Arado 1, El Arenal 4, El Bobadal 2, El Charco 1, El Churqui 1, El Colorado 2, El Dean 2, El Mojon 3, El Polear 2, El Porvenir 1, Estacion Simbolar 1, Estacion Robles 1, Fernandez 40, Forres 29, Frias 73, Garza 4, Guampacha 1, Higueras Chacras 1, Ica\u00f1o 9, Isca Yacu 1, La Bajada 2, La Ca\u00f1ada 1, La Darsena 2, La Florida 1, La Invernada 1, La Paliza 2, Las Palmitas 1, La Ribera 1, Las Tinajas 1, Las Piruas 1, Lavalle 7, Loreto 2, Los Cardozos 1, Los Juries 22, Los Molle 1, Los Morales 3, Los Nu\u00f1ez 1, Los Pereyra 1, Los Pirpintos 2, Los Quiroga 2, Los Telares 7, Los Toloza 1, Lote 30 1, Lugones 1, Mailin 1, Malbran 1, Mansupa 1, Maquito 1, Medellin 1, Monte Quemado 11, Nueva Francia 1, Negra Muerta 1, Pampa Atun 1, Pampa de los Guanacos 1, Pinto 2, Pozo Hondo 1, Puente Bajada 1, Puestito Norte 1, Puesto de Juanes 1, Puestito de San Antonio 6, Pumitayoj 1, Quimili 30, Rapelli 3, Real Sayana 1, Rodeo de Soria 1, Rubia Paso 1, San Isidro 2, San Pedro de Guasayan 12, San Ramon 1, San Vicente 1, Sauce Solo 1, Selva 1, Sol de Julio 4, Sumamao 1, Sumampa 22, Suncho Corral 16, Taco Pujio 2, Tala Cruz 1, Tala Yacu 1, Taquello 1, Termas 117, Tintina 4, Tio Chacras 1, Tramo 16 1, Tusca Palta 1, Upianita 1, Villa Figueroa 4, Villa Jimenez 3, Villa La Punta 1, Villa Nueva 1, Villa Ojo de Agua 15, Villa Robles 3, Villa Salavina 5, Villa Silipica 2, Villa Zanjon 2, Vilmer 3, Vinal Esquina 1, Vinara 3, Yutu Yacu 1<\/strong><br><\/p>\n\n\n\n<p>Permanecen activos trece mil ciento noventa y ocho (13.198) casos en la provincia.<br><\/p>\n\n\n\n<p>El total de casos positivos acumulados es de noventa y cinco mil seiscientos setenta y cinco (95.675)<br><\/p>\n\n\n\n<p>Se descartaron cuatro mil setecientos cincuenta y dos (4.752) casos el d\u00eda de hoy, por lo que hay trescientos veintisiete mil ochocientos noventa y tres (327.893) casos descartados a la fecha.<br><\/p>\n\n\n\n<p>Importante: La diferencia de casos acumulados, y difundidos en el informe nacional, obedece a diferentes horarios de carga, y a santiague\u00f1os que residen en otras provincias pero que no tienen realizado el cambio de domicilio legal en su DNI. Se ha solicitado el correspondiente pedido de reclasificaci\u00f3n de los casos excedentes cargados para nuestra provincia.<\/p>\n\n\n\n<p>TODAS las personas notificadas como positivas de COVID y sus contactos estrechos convivientes, que cuentan con su esquema completo de vacunaci\u00f3n para COVID, DEBEN realizar AISLAMIENTO SANITARIO OBLIGATORIO de 7 d\u00edas.<br><\/p>\n\n\n\n<p>TODAS las personas que son contactos estrechos NO convivientes, que cuentan con su esquema completo de vacunaci\u00f3n para COVID, DEBEN realizar AISLAMIENTO SANITARIO OBLIGATORIO de 5 d\u00edas.<br><\/p>\n\n\n\n<p>TODAS las personas notificadas como positivo de COVID y los contactos estrechos que NO est\u00e9n vacunados o tengan su esquema incompleto de vacuna contra COVID, DEBEN realizar AISLAMIENTO SANITARIO OBLIGATORIO de 10 d\u00edas.<br><\/p>\n\n\n\n<p>Durante el aislamiento sanitario las personas no pueden salir de su hogar ni recibir visitas y deben cumplir con las medidas de prevenci\u00f3n indicadas por las autoridades sanitarias.<br><\/p>\n\n\n\n<p>Ante la presencia de fiebre mayor o igual a 37,5 \u00b0 y s\u00edntomas respiratorios como tos, dolor de garganta, dificultad para respirar, adem\u00e1s de falta de gusto y olfato de reciente aparici\u00f3n, y tambi\u00e9n cefalea, diarrea y \/ o v\u00f3mitos o al haber estado en contacto con un caso confirmado, se insta a la poblaci\u00f3n a que haga un contacto de inmediato con el sistema de salud contact\u00e1ndose con su centro de salud m\u00e1s cercano o comunic\u00e1ndose al 107 y evite el contacto social<br><\/p>\n\n\n\n<p>Tambi\u00e9n se recuerda que se realiza el hisopado a las personas con s\u00edntomas compatibles de COVID-19<br><\/p>\n\n\n\n<p>Recordemos continuar respetando las medidas de uso de barbijo, distancia f\u00edsica, ventilar los ambientes y lavarnos frecuentemente las manos con agua y jab\u00f3n.<br><\/p>\n","protected":false},"excerpt":{"rendered":"<p>Informe del Ministerio de Salud de la provincia de Santiago del Estero.<\/p>\n","protected":false},"author":2,"featured_media":32504,"comment_status":"open","ping_status":"open","sticky":false,"template":"","format":"standard","meta":{"om_disable_all_campaigns":false,"_monsterinsights_skip_tracking":false,"_monsterinsights_sitenote_active":false,"_monsterinsights_sitenote_note":"","_monsterinsights_sitenote_category":0,"_uf_show_specific_survey":0,"_uf_disable_surveys":false,"jetpack_post_was_ever_published":false,"_jetpack_newsletter_access":"","_jetpack_dont_email_post_to_subs":false,"_jetpack_newsletter_tier_id":0,"_jetpack_memberships_contains_paywalled_content":false,"_jetpack_memberships_contains_paid_content":false,"footnotes":"","jetpack_publicize_message":"","jetpack_publicize_feature_enabled":true,"jetpack_social_post_already_shared":false,"jetpack_social_options":{"image_generator_settings":{"template":"highway","default_image_id":0,"font":"","enabled":false},"version":2}},"categories":[3],"tags":[],"class_list":["post-32501","post","type-post","status-publish","format-standard","has-post-thumbnail","hentry","category-salud"],"aioseo_notices":[],"views":13,"jetpack_publicize_connections":[],"jetpack_featured_media_url":"https:\/\/i0.wp.com\/elterritorialweb.com.ar\/web\/wp-content\/uploads\/2022\/01\/IMG_20220107_111651_335-scaled.jpg?fit=1920%2C2560&ssl=1","jetpack_sharing_enabled":true,"_links":{"self":[{"href":"https:\/\/elterritorialweb.com.ar\/web\/wp-json\/wp\/v2\/posts\/32501","targetHints":{"allow":["GET"]}}],"collection":[{"href":"https:\/\/elterritorialweb.com.ar\/web\/wp-json\/wp\/v2\/posts"}],"about":[{"href":"https:\/\/elterritorialweb.com.ar\/web\/wp-json\/wp\/v2\/types\/post"}],"author":[{"embeddable":true,"href":"https:\/\/elterritorialweb.com.ar\/web\/wp-json\/wp\/v2\/users\/2"}],"replies":[{"embeddable":true,"href":"https:\/\/elterritorialweb.com.ar\/web\/wp-json\/wp\/v2\/comments?post=32501"}],"version-history":[{"count":1,"href":"https:\/\/elterritorialweb.com.ar\/web\/wp-json\/wp\/v2\/posts\/32501\/revisions"}],"predecessor-version":[{"id":32503,"href":"https:\/\/elterritorialweb.com.ar\/web\/wp-json\/wp\/v2\/posts\/32501\/revisions\/32503"}],"wp:featuredmedia":[{"embeddable":true,"href":"https:\/\/elterritorialweb.com.ar\/web\/wp-json\/wp\/v2\/media\/32504"}],"wp:attachment":[{"href":"https:\/\/elterritorialweb.com.ar\/web\/wp-json\/wp\/v2\/media?parent=32501"}],"wp:term":[{"taxonomy":"category","embeddable":true,"href":"https:\/\/elterritorialweb.com.ar\/web\/wp-json\/wp\/v2\/categories?post=32501"},{"taxonomy":"post_tag","embeddable":true,"href":"https:\/\/elterritorialweb.com.ar\/web\/wp-json\/wp\/v2\/tags?post=32501"}],"curies":[{"name":"wp","href":"https:\/\/api.w.org\/{rel}","templated":true}]}}