{"id":32509,"date":"2022-01-09T18:17:42","date_gmt":"2022-01-09T18:17:42","guid":{"rendered":"http:\/\/elterritorialweb.com.ar\/web\/?p=32509"},"modified":"2022-01-09T18:19:04","modified_gmt":"2022-01-09T18:19:04","slug":"unificacion-de-programas-sociales-a-partir-del-mes-de-enero-del-ano-2022","status":"publish","type":"post","link":"https:\/\/elterritorialweb.com.ar\/web\/unificacion-de-programas-sociales-a-partir-del-mes-de-enero-del-ano-2022\/","title":{"rendered":"UNIFICACI\u00d3N Y CRONOGRAMA DE PAGOS DE LOS PROGRAMAS SOCIALES A PARTIR DEL MES DE ENERO DEL A\u00d1O 2022"},"content":{"rendered":"\n<p>El gobierno de la provincia de Santiago del Estero, informa a los beneficiarios de las ayudas econ\u00f3micas y\/o subsidios afectados por la pandemia, que pertenec\u00edan al \u00e1rea de Jefatura de Gabinete que continuar\u00e1n vigentes y se unifican al programa de Acciones de Emergencia Provinciales (PAE).-<br>Todos se abonar\u00e1n en su conjunto, en el banco Santiago del Estero (BSE), en la misma modalidad a partir del d\u00eda mi\u00e9rcoles 19 de enero del a\u00f1o 2022.-<br>Cronograma de pago:<br>En sucursales de Capital y La Banda del banco Santiago del Estero (BSE):<br><strong>Mi\u00e9rcoles 19 de enero: DNI terminados en 0; 1; 2 y 3.-<br>Jueves 20 de enero: DNI terminados en 4; 5 y 6.<br>Viernes 21 de enero: DNI terminados en 7; 8 y 9.-<\/strong><br>Se comunica a los beneficiarios respetar el cronograma (durante esa semana), concurriendo el d\u00eda correspondiente a su DNI y a la sucursal m\u00e1s cercana a su domicilio del BSE de 7:45 a 12:45 hs, como as\u00ed tambi\u00e9n respetar el distanciamiento social y el protocolo vigente.-<br>Asimismo, se continuar\u00e1 abonando el beneficio del mes de enero, durante todo el mes de febrero, a todos los beneficiarios, indistintamente su terminaci\u00f3n de DNI, pudiendo acercarse a la sucursal del BSE m\u00e1s cercana a su domicilio.<br>En las dem\u00e1s sucursales del interior de la provincia, ser\u00eda sin cronograma a partir del mi\u00e9rcoles 19 de enero.-<\/p>\n","protected":false},"excerpt":{"rendered":"<p>As\u00ed lo inform\u00f3 el gobierno provincial a trav\u00e9s de un comunicado de prensa.<\/p>\n","protected":false},"author":2,"featured_media":32510,"comment_status":"open","ping_status":"open","sticky":false,"template":"","format":"standard","meta":{"om_disable_all_campaigns":false,"_monsterinsights_skip_tracking":false,"_monsterinsights_sitenote_active":false,"_monsterinsights_sitenote_note":"","_monsterinsights_sitenote_category":0,"_uf_show_specific_survey":0,"_uf_disable_surveys":false,"jetpack_post_was_ever_published":false,"_jetpack_newsletter_access":"","_jetpack_dont_email_post_to_subs":false,"_jetpack_newsletter_tier_id":0,"_jetpack_memberships_contains_paywalled_content":false,"_jetpack_memberships_contains_paid_content":false,"footnotes":"","jetpack_publicize_message":"","jetpack_publicize_feature_enabled":true,"jetpack_social_post_already_shared":false,"jetpack_social_options":{"image_generator_settings":{"template":"highway","default_image_id":0,"font":"","enabled":false},"version":2}},"categories":[2],"tags":[],"class_list":["post-32509","post","type-post","status-publish","format-standard","has-post-thumbnail","hentry","category-economia"],"aioseo_notices":[],"views":101,"jetpack_publicize_connections":[],"jetpack_featured_media_url":"https:\/\/i0.wp.com\/elterritorialweb.com.ar\/web\/wp-content\/uploads\/2022\/01\/53228-conoce-cronograma-de-pago-de-sueldo-de-noviembre-diciembre-y-aguinaldo1.jpg?fit=1039%2C650&ssl=1","jetpack_sharing_enabled":true,"_links":{"self":[{"href":"https:\/\/elterritorialweb.com.ar\/web\/wp-json\/wp\/v2\/posts\/32509","targetHints":{"allow":["GET"]}}],"collection":[{"href":"https:\/\/elterritorialweb.com.ar\/web\/wp-json\/wp\/v2\/posts"}],"about":[{"href":"https:\/\/elterritorialweb.com.ar\/web\/wp-json\/wp\/v2\/types\/post"}],"author":[{"embeddable":true,"href":"https:\/\/elterritorialweb.com.ar\/web\/wp-json\/wp\/v2\/users\/2"}],"replies":[{"embeddable":true,"href":"https:\/\/elterritorialweb.com.ar\/web\/wp-json\/wp\/v2\/comments?post=32509"}],"version-history":[{"count":2,"href":"https:\/\/elterritorialweb.com.ar\/web\/wp-json\/wp\/v2\/posts\/32509\/revisions"}],"predecessor-version":[{"id":32513,"href":"https:\/\/elterritorialweb.com.ar\/web\/wp-json\/wp\/v2\/posts\/32509\/revisions\/32513"}],"wp:featuredmedia":[{"embeddable":true,"href":"https:\/\/elterritorialweb.com.ar\/web\/wp-json\/wp\/v2\/media\/32510"}],"wp:attachment":[{"href":"https:\/\/elterritorialweb.com.ar\/web\/wp-json\/wp\/v2\/media?parent=32509"}],"wp:term":[{"taxonomy":"category","embeddable":true,"href":"https:\/\/elterritorialweb.com.ar\/web\/wp-json\/wp\/v2\/categories?post=32509"},{"taxonomy":"post_tag","embeddable":true,"href":"https:\/\/elterritorialweb.com.ar\/web\/wp-json\/wp\/v2\/tags?post=32509"}],"curies":[{"name":"wp","href":"https:\/\/api.w.org\/{rel}","templated":true}]}}