{"id":32514,"date":"2022-01-09T18:32:06","date_gmt":"2022-01-09T18:32:06","guid":{"rendered":"http:\/\/elterritorialweb.com.ar\/web\/?p=32514"},"modified":"2022-01-09T18:32:07","modified_gmt":"2022-01-09T18:32:07","slug":"nuevo-bloque-de-prorroga-para-la-renovacion-de-licencias-de-conducir","status":"publish","type":"post","link":"https:\/\/elterritorialweb.com.ar\/web\/nuevo-bloque-de-prorroga-para-la-renovacion-de-licencias-de-conducir\/","title":{"rendered":"NUEVO BLOQUE DE PR\u00d3RROGA PARA LA RENOVACI\u00d3N DE LICENCIAS DE CONDUCIR"},"content":{"rendered":"\n<p>La Direcci\u00f3n General de Transporte de la Provincia comunica a los ciudadanos que siguiendo instrucciones de la Agencia Nacional de Seguridad Vial se cre\u00f3 un nuevo BLOQUE DE PR\u00d3RROGA para la renovaci\u00f3n de las licencias nacionales de conducir emitidas por el centro emisor provincial dependiente de nuestra repartici\u00f3n.<br>Dicho bloque contemplar\u00e1 a todas aquellas licencias cuyo vencimiento opere entre el 02 de octubre de 2021 y 31 de enero de 2022, a las que se otorgara una extensi\u00f3n en el plazo de 4 meses a partir de la fecha de vencimiento de cada licencia respectiva. Durante este periodo las mismas mantendr\u00e1n plena vigencia y validez.<br>Dicha medida ser\u00e1 oportunamente informada y debidamente notificada a todos los entes municipales, provinciales y nacionales a fin de que controlen y aseguren la ejecuci\u00f3n de la misma.<br>As\u00ed mismo se informa que por tareas de mantenimiento, limpieza y desinfecci\u00f3n nuestro centro emisor de licencias permanecer\u00e1 cerrado desde el d\u00eda lunes 10 hasta el viernes 14 del corriente mes y a\u00f1o. Manteniendo las dem\u00e1s oficinas su pleno y normal funcionamiento.<\/p>\n","protected":false},"excerpt":{"rendered":"<p>La Direcci\u00f3n General de Transporte de la provincia, inform\u00f3 la medida, mediante un comunicado de prensa.<\/p>\n","protected":false},"author":2,"featured_media":32515,"comment_status":"open","ping_status":"open","sticky":false,"template":"","format":"standard","meta":{"om_disable_all_campaigns":false,"_monsterinsights_skip_tracking":false,"_monsterinsights_sitenote_active":false,"_monsterinsights_sitenote_note":"","_monsterinsights_sitenote_category":0,"_uf_show_specific_survey":0,"_uf_disable_surveys":false,"jetpack_post_was_ever_published":false,"_jetpack_newsletter_access":"","_jetpack_dont_email_post_to_subs":false,"_jetpack_newsletter_tier_id":0,"_jetpack_memberships_contains_paywalled_content":false,"_jetpack_memberships_contains_paid_content":false,"footnotes":"","jetpack_publicize_message":"","jetpack_publicize_feature_enabled":true,"jetpack_social_post_already_shared":false,"jetpack_social_options":{"image_generator_settings":{"template":"highway","default_image_id":0,"font":"","enabled":false},"version":2}},"categories":[21],"tags":[],"class_list":["post-32514","post","type-post","status-publish","format-standard","has-post-thumbnail","hentry","category-locales"],"aioseo_notices":[],"views":28,"jetpack_publicize_connections":[],"jetpack_featured_media_url":"https:\/\/i0.wp.com\/elterritorialweb.com.ar\/web\/wp-content\/uploads\/2022\/01\/licencia-prorroga-1.jpg?fit=700%2C394&ssl=1","jetpack_sharing_enabled":true,"_links":{"self":[{"href":"https:\/\/elterritorialweb.com.ar\/web\/wp-json\/wp\/v2\/posts\/32514","targetHints":{"allow":["GET"]}}],"collection":[{"href":"https:\/\/elterritorialweb.com.ar\/web\/wp-json\/wp\/v2\/posts"}],"about":[{"href":"https:\/\/elterritorialweb.com.ar\/web\/wp-json\/wp\/v2\/types\/post"}],"author":[{"embeddable":true,"href":"https:\/\/elterritorialweb.com.ar\/web\/wp-json\/wp\/v2\/users\/2"}],"replies":[{"embeddable":true,"href":"https:\/\/elterritorialweb.com.ar\/web\/wp-json\/wp\/v2\/comments?post=32514"}],"version-history":[{"count":1,"href":"https:\/\/elterritorialweb.com.ar\/web\/wp-json\/wp\/v2\/posts\/32514\/revisions"}],"predecessor-version":[{"id":32516,"href":"https:\/\/elterritorialweb.com.ar\/web\/wp-json\/wp\/v2\/posts\/32514\/revisions\/32516"}],"wp:featuredmedia":[{"embeddable":true,"href":"https:\/\/elterritorialweb.com.ar\/web\/wp-json\/wp\/v2\/media\/32515"}],"wp:attachment":[{"href":"https:\/\/elterritorialweb.com.ar\/web\/wp-json\/wp\/v2\/media?parent=32514"}],"wp:term":[{"taxonomy":"category","embeddable":true,"href":"https:\/\/elterritorialweb.com.ar\/web\/wp-json\/wp\/v2\/categories?post=32514"},{"taxonomy":"post_tag","embeddable":true,"href":"https:\/\/elterritorialweb.com.ar\/web\/wp-json\/wp\/v2\/tags?post=32514"}],"curies":[{"name":"wp","href":"https:\/\/api.w.org\/{rel}","templated":true}]}}