{"id":32518,"date":"2022-01-09T18:57:05","date_gmt":"2022-01-09T18:57:05","guid":{"rendered":"http:\/\/elterritorialweb.com.ar\/web\/?p=32518"},"modified":"2022-01-09T18:57:36","modified_gmt":"2022-01-09T18:57:36","slug":"a-partir-del-10-de-enero-el-consejo-de-educacion-atendera-forma-on-line","status":"publish","type":"post","link":"https:\/\/elterritorialweb.com.ar\/web\/a-partir-del-10-de-enero-el-consejo-de-educacion-atendera-forma-on-line\/","title":{"rendered":"A PARTIR DEL 10 DE ENERO EL CONSEJO DE EDUCACI\u00d3N ATENDER\u00c1 EN FORMA ON LINE"},"content":{"rendered":"\n<p>El Consejo General de Educaci\u00f3n a trav\u00e9s de las Direcciones de los Niveles Inicial, Primario, Secundario, Superior y Modalidades Educativas, Juntas de los Niveles Inicial, Primario y Modalidades Educativas, Secundario y Superior, Tribunal de Disciplina, Direcci\u00f3n General de Administraci\u00f3n y Acciones Centrales, ante la situaci\u00f3n actual de contagios COVID informa a la comunidad en general que, a partir del Lunes 10 de Enero de 2022 y por el plazo de dos semanas, el Organismo ATENDER\u00c1 AL P\u00daBLICO para CONSULTA DE TR\u00c1MITES urgentes a trav\u00e9s de la autogesti\u00f3n ON LINE en su Portal Oficial www.cgesantiago.gob.ar, en forma telef\u00f3nica y por correos electr\u00f3nicos habilitados.<br>Excepcionalmente, de ser necesaria la atenci\u00f3n presencial, la autoridad educativa deber\u00e1 solicitar un turno al Supervisor o Analista Principal T\u00e9cnico Docente.<br>Por \u00faltimo, se hace saber que se efectuar\u00e1 un control estricto del ingreso de personas al Organismo mediante la exhibici\u00f3n del pase sanitario.<br>Para mayor informaci\u00f3n ingresar a www.cgesantiago.gob.ar<\/p>\n","protected":false},"excerpt":{"rendered":"<p>Consejo General de Educaci\u00f3n de la provincia de Santiago del Estero.<\/p>\n","protected":false},"author":2,"featured_media":19735,"comment_status":"open","ping_status":"open","sticky":false,"template":"","format":"standard","meta":{"om_disable_all_campaigns":false,"_monsterinsights_skip_tracking":false,"_monsterinsights_sitenote_active":false,"_monsterinsights_sitenote_note":"","_monsterinsights_sitenote_category":0,"_uf_show_specific_survey":0,"_uf_disable_surveys":false,"jetpack_post_was_ever_published":false,"_jetpack_newsletter_access":"","_jetpack_dont_email_post_to_subs":false,"_jetpack_newsletter_tier_id":0,"_jetpack_memberships_contains_paywalled_content":false,"_jetpack_memberships_contains_paid_content":false,"footnotes":"","jetpack_publicize_message":"","jetpack_publicize_feature_enabled":true,"jetpack_social_post_already_shared":false,"jetpack_social_options":{"image_generator_settings":{"template":"highway","default_image_id":0,"font":"","enabled":false},"version":2}},"categories":[19],"tags":[],"class_list":["post-32518","post","type-post","status-publish","format-standard","has-post-thumbnail","hentry","category-educacion"],"aioseo_notices":[],"views":17,"jetpack_publicize_connections":[],"jetpack_featured_media_url":"https:\/\/i0.wp.com\/elterritorialweb.com.ar\/web\/wp-content\/uploads\/2021\/04\/CONSEJO-GENERAL-DE-EDUCACION.jpg?fit=1144%2C638&ssl=1","jetpack_sharing_enabled":true,"_links":{"self":[{"href":"https:\/\/elterritorialweb.com.ar\/web\/wp-json\/wp\/v2\/posts\/32518","targetHints":{"allow":["GET"]}}],"collection":[{"href":"https:\/\/elterritorialweb.com.ar\/web\/wp-json\/wp\/v2\/posts"}],"about":[{"href":"https:\/\/elterritorialweb.com.ar\/web\/wp-json\/wp\/v2\/types\/post"}],"author":[{"embeddable":true,"href":"https:\/\/elterritorialweb.com.ar\/web\/wp-json\/wp\/v2\/users\/2"}],"replies":[{"embeddable":true,"href":"https:\/\/elterritorialweb.com.ar\/web\/wp-json\/wp\/v2\/comments?post=32518"}],"version-history":[{"count":2,"href":"https:\/\/elterritorialweb.com.ar\/web\/wp-json\/wp\/v2\/posts\/32518\/revisions"}],"predecessor-version":[{"id":32520,"href":"https:\/\/elterritorialweb.com.ar\/web\/wp-json\/wp\/v2\/posts\/32518\/revisions\/32520"}],"wp:featuredmedia":[{"embeddable":true,"href":"https:\/\/elterritorialweb.com.ar\/web\/wp-json\/wp\/v2\/media\/19735"}],"wp:attachment":[{"href":"https:\/\/elterritorialweb.com.ar\/web\/wp-json\/wp\/v2\/media?parent=32518"}],"wp:term":[{"taxonomy":"category","embeddable":true,"href":"https:\/\/elterritorialweb.com.ar\/web\/wp-json\/wp\/v2\/categories?post=32518"},{"taxonomy":"post_tag","embeddable":true,"href":"https:\/\/elterritorialweb.com.ar\/web\/wp-json\/wp\/v2\/tags?post=32518"}],"curies":[{"name":"wp","href":"https:\/\/api.w.org\/{rel}","templated":true}]}}