{"id":32530,"date":"2022-01-09T22:22:20","date_gmt":"2022-01-09T22:22:20","guid":{"rendered":"http:\/\/elterritorialweb.com.ar\/web\/?p=32530"},"modified":"2022-01-09T23:52:36","modified_gmt":"2022-01-09T23:52:36","slug":"este-lunes-rentas-municipal-de-de-la-banda-atendera-desde-las-10-hs","status":"publish","type":"post","link":"https:\/\/elterritorialweb.com.ar\/web\/este-lunes-rentas-municipal-de-de-la-banda-atendera-desde-las-10-hs\/","title":{"rendered":"ESTE LUNES, RENTAS MUNICIPAL DE LA BANDA ATENDER\u00c1 DESDE LAS 10 HS."},"content":{"rendered":"\n<p>Seg\u00fan informaron, la medida se determina por actualizaci\u00f3n del sistema de emisi\u00f3n de boletas , y a la vez por tareas de desinfecci\u00f3n y sanitizaci\u00f3n realizadas en la dependencia por conocimiento de casos positivos Covid-19 en empleados.<br>Asimismo, las autoridades determinaron intensificar cada acci\u00f3n para poder trabajar seguros bajo estrictos protocolos de bioseguridad a lo que tambi\u00e9n se exigir\u00e1 el pase sanitario a los vecinos que deseen realizar sus tr\u00e1mites en la dependencia.<br>Cabe destacar, que desde esta semana se atender\u00e1 normalmente con el acatamiento a las medidas de distanciamiento, uso del barbijo y alcohol sanitizante.<\/p>\n\n\n\n<p><strong>Los vecinos bande\u00f1os recibir\u00e1n el 35% de descuentos en el pago de tasas en enero<\/strong><\/p>\n\n\n\n<p>Se informa tambi\u00e9n a todos los vecinos bande\u00f1os, la vigencia del pago anual adelantado con importantes descuentos que llegan al 35%, para los vecinos cumplidores de las tasas sobre la propiedad inmueble y actividad comercial, correspondiente al 2022.<\/p>\n\n\n\n<p>Como todos los a\u00f1os, el Departamento Ejecutivo Municipal lanza importantes descuentos para los contribuyentes, por ello, establecieron tambi\u00e9n que el descuento del pago anual de tasas del cementerio ser\u00e1 de un 10%, pagando en su totalidad.<br><\/p>\n\n\n\n<p>As\u00ed, recordaron que este beneficio ser\u00e1 en el mes de enero, el descuento que se aplicar\u00e1 a los pagos anuales, ser\u00e1 de un 35% de descuento para quienes no registren deudas anteriores, de caso contrario, tendr\u00e1n un 10% menos de descuento; aplicando esta modalidad tambi\u00e9n para el mes de febrero, donde habr\u00e1 un descuento del 30% de descuento para las personas que no registren deudas, de caso contrario un 20%.<br><\/p>\n\n\n\n<p>Adem\u00e1s, recordaron que el importe tarifario no tendr\u00e1 modificaciones para el a\u00f1o 2022, de los ya establecidos.<br><\/p>\n\n\n\n<p>Por otra parte, anunciaron una moratoria con el descuento del 100% en el inter\u00e9s sobre la deuda, pagando el monto total de contado; un 70% de descuento en el inter\u00e9s, realizando un pago en tres cuotas; un 50% de descuento en el inter\u00e9s, realizando el pago de la deuda en 6 partes. Esto, tendr\u00e1 vigencia hasta el \u00faltimo d\u00eda del mes de enero.<\/p>\n","protected":false},"excerpt":{"rendered":"<p>La Direcci\u00f3n General de Rentas de la Municipalidad de La Banda informa que el lunes 10 de enero, comenzar\u00e1 su actividad a partir de las 10 horas.<\/p>\n","protected":false},"author":2,"featured_media":32531,"comment_status":"open","ping_status":"open","sticky":false,"template":"","format":"standard","meta":{"om_disable_all_campaigns":false,"_monsterinsights_skip_tracking":false,"_monsterinsights_sitenote_active":false,"_monsterinsights_sitenote_note":"","_monsterinsights_sitenote_category":0,"_uf_show_specific_survey":0,"_uf_disable_surveys":false,"jetpack_post_was_ever_published":false,"_jetpack_newsletter_access":"","_jetpack_dont_email_post_to_subs":false,"_jetpack_newsletter_tier_id":0,"_jetpack_memberships_contains_paywalled_content":false,"_jetpack_memberships_contains_paid_content":false,"footnotes":"","jetpack_publicize_message":"","jetpack_publicize_feature_enabled":true,"jetpack_social_post_already_shared":false,"jetpack_social_options":{"image_generator_settings":{"template":"highway","default_image_id":0,"font":"","enabled":false},"version":2}},"categories":[21],"tags":[],"class_list":["post-32530","post","type-post","status-publish","format-standard","has-post-thumbnail","hentry","category-locales"],"aioseo_notices":[],"views":11,"jetpack_publicize_connections":[],"jetpack_featured_media_url":"https:\/\/i0.wp.com\/elterritorialweb.com.ar\/web\/wp-content\/uploads\/2022\/01\/IMG-20220109-WA0009.jpg?fit=1600%2C1200&ssl=1","jetpack_sharing_enabled":true,"_links":{"self":[{"href":"https:\/\/elterritorialweb.com.ar\/web\/wp-json\/wp\/v2\/posts\/32530","targetHints":{"allow":["GET"]}}],"collection":[{"href":"https:\/\/elterritorialweb.com.ar\/web\/wp-json\/wp\/v2\/posts"}],"about":[{"href":"https:\/\/elterritorialweb.com.ar\/web\/wp-json\/wp\/v2\/types\/post"}],"author":[{"embeddable":true,"href":"https:\/\/elterritorialweb.com.ar\/web\/wp-json\/wp\/v2\/users\/2"}],"replies":[{"embeddable":true,"href":"https:\/\/elterritorialweb.com.ar\/web\/wp-json\/wp\/v2\/comments?post=32530"}],"version-history":[{"count":3,"href":"https:\/\/elterritorialweb.com.ar\/web\/wp-json\/wp\/v2\/posts\/32530\/revisions"}],"predecessor-version":[{"id":32540,"href":"https:\/\/elterritorialweb.com.ar\/web\/wp-json\/wp\/v2\/posts\/32530\/revisions\/32540"}],"wp:featuredmedia":[{"embeddable":true,"href":"https:\/\/elterritorialweb.com.ar\/web\/wp-json\/wp\/v2\/media\/32531"}],"wp:attachment":[{"href":"https:\/\/elterritorialweb.com.ar\/web\/wp-json\/wp\/v2\/media?parent=32530"}],"wp:term":[{"taxonomy":"category","embeddable":true,"href":"https:\/\/elterritorialweb.com.ar\/web\/wp-json\/wp\/v2\/categories?post=32530"},{"taxonomy":"post_tag","embeddable":true,"href":"https:\/\/elterritorialweb.com.ar\/web\/wp-json\/wp\/v2\/tags?post=32530"}],"curies":[{"name":"wp","href":"https:\/\/api.w.org\/{rel}","templated":true}]}}