{"id":32545,"date":"2022-01-10T04:40:57","date_gmt":"2022-01-10T04:40:57","guid":{"rendered":"http:\/\/elterritorialweb.com.ar\/web\/?p=32545"},"modified":"2022-01-10T04:40:57","modified_gmt":"2022-01-10T04:40:57","slug":"se-registraron-73-319-casos-positivos-de-coronavirus-en-argentina","status":"publish","type":"post","link":"https:\/\/elterritorialweb.com.ar\/web\/se-registraron-73-319-casos-positivos-de-coronavirus-en-argentina\/","title":{"rendered":"SE REGISTRARON 73.319 CASOS POSITIVOS DE CORONAVIRUS EN ARGENTINA"},"content":{"rendered":"\n<p>Otras 27 personas murieron y 73.319 fueron reportadas con coronavirus en las \u00faltimas 24 horas en la Argentina, con lo que suman 117.492 los fallecidos registrados oficialmente a nivel nacional y 6.310.844 los contagiados desde el inicio de la pandemia, inform\u00f3 este domingo el Ministerio de Salud.<\/p>\n\n\n\n<p>La cartera sanitaria indic\u00f3 que son 1.901 los internados con coronavirus en unidades de terapia intensiva, con un porcentaje de ocupaci\u00f3n de camas de adultos en el sector p\u00fablico y privado para todas las patolog\u00edas de 38,3% en el pa\u00eds y del 39,1% en el \u00c1rea Metropolitana Buenos Aires.<\/p>\n\n\n\n<p>De acuerdo al Monitor P\u00fablico de Vacunaci\u00f3n,&nbsp;<strong>el total de inoculados asciende a 79.520.334<\/strong>, de los cuales 38.618.880 recibieron una dosis, 33.461.789 las dos, 2.776.206 una adicional y 4.663.459 una de refuerzo, mientras que las vacunas distribuidas a las jurisdicciones llegan a 97.917.433.<\/p>\n\n\n\n<h3 class=\"wp-block-heading\">Decesos<\/h3>\n\n\n\n<p>El parte precis\u00f3 que murieron 11 hombres, 4 en Buenos Aires, 1 en Ciudad de Buenos Aires, 1 en C\u00f3rdoba, 1 en Misiones, 2 en R\u00edo Negro, y 2 en Salta.&nbsp;Tambi\u00e9n fallecieron 16 mujeres: 10 en Buenos Aires, 2 C\u00f3rdoba, 1 en La Pampa y 3 en Salta.<\/p>\n\n\n\n<h3 class=\"wp-block-heading\">Contagios<\/h3>\n\n\n\n<p>Hoy se registraron en la provincia de Buenos Aires 25.265 casos; en la Ciudad de Buenos Aires, 16.330; en Catamarca, 791; en Chaco, 1.005; en Chubut, 606; en Corrientes, 201; en C\u00f3rdoba, 10.034; en Entre R\u00edos, 778; en Formosa, 840; en Jujuy, 1.123; en La Pampa, 828; en La Rioja, 229; en Mendoza, 1.595; en Misiones, 402; en Neuqu\u00e9n, 1.030; en R\u00edo Negro, 720; en Salta, 1.807; en San Juan, 765; en San Luis, 1.855; en Santa Cruz, 748; en Santa Fe, 3.616; en Santiago del Estero, 1.199; en Tierra del Fuego, 277; y en Tucum\u00e1n, 1.275.<\/p>\n\n\n\n<h3 class=\"wp-block-heading\">Testeos<\/h3>\n\n\n\n<p>El Ministerio indic\u00f3 adem\u00e1s que se realizaron en las \u00faltimas 24 horas 114.225 testeos y desde el inicio del brote ascienden a 29.318.758 las pruebas diagn\u00f3sticas para esta enfermedad.<\/p>\n\n\n\n<p>El total de acumulados por distrito indica para la provincia de Buenos Aires 2.430.354 casos; la Ciudad de Buenos Aires, 680.278; Catamarca, 61.194; Chaco, 113.847; Chubut, 89.609; Corrientes, 105.493; C\u00f3rdoba, 685.919; Entre R\u00edos, 149.882; Formosa, 67.963; Jujuy, 59.858; La Pampa, 77.742; La Rioja, 36.360; Mendoza, 190.161; Misiones, 40.426; Neuqu\u00e9n, 131.301; R\u00edo Negro, 115.232; Salta, 101.278; San Juan, 83.460; San Luis, 94.068; Santa Cruz, 70.304; Santa Fe, 539.692; Santiago del Estero, 97.785; Tierra del Fuego, 35.271; y Tucum\u00e1n, 244.367.<\/p>\n\n\n\n<p>Se incluyen casos existentes en las Islas Malvinas seg\u00fan informaci\u00f3n de prensa (debido a la ocupaci\u00f3n ilegal del Reino Unido, Gran Breta\u00f1a e Irlanda del Norte no es posible contar con informaci\u00f3n propia sobre el impacto de la Covid-19 en esa parte del territorio argentino).<\/p>\n","protected":false},"excerpt":{"rendered":"<p>De esta manera, son 117.492 los fallecidos registrados oficialmente a nivel nacional y 6.310.844 los contagios durante la pandemia.<\/p>\n","protected":false},"author":2,"featured_media":32546,"comment_status":"open","ping_status":"open","sticky":false,"template":"","format":"standard","meta":{"om_disable_all_campaigns":false,"_monsterinsights_skip_tracking":false,"_monsterinsights_sitenote_active":false,"_monsterinsights_sitenote_note":"","_monsterinsights_sitenote_category":0,"_uf_show_specific_survey":0,"_uf_disable_surveys":false,"jetpack_post_was_ever_published":false,"_jetpack_newsletter_access":"","_jetpack_dont_email_post_to_subs":false,"_jetpack_newsletter_tier_id":0,"_jetpack_memberships_contains_paywalled_content":false,"_jetpack_memberships_contains_paid_content":false,"footnotes":"","jetpack_publicize_message":"","jetpack_publicize_feature_enabled":true,"jetpack_social_post_already_shared":false,"jetpack_social_options":{"image_generator_settings":{"template":"highway","default_image_id":0,"font":"","enabled":false},"version":2}},"categories":[3],"tags":[],"class_list":["post-32545","post","type-post","status-publish","format-standard","has-post-thumbnail","hentry","category-salud"],"aioseo_notices":[],"views":15,"jetpack_publicize_connections":[],"jetpack_featured_media_url":"https:\/\/i0.wp.com\/elterritorialweb.com.ar\/web\/wp-content\/uploads\/2022\/01\/NUEVOS-CASOS-9-DE-ENERO-1.jpg?fit=696%2C485&ssl=1","jetpack_sharing_enabled":true,"_links":{"self":[{"href":"https:\/\/elterritorialweb.com.ar\/web\/wp-json\/wp\/v2\/posts\/32545","targetHints":{"allow":["GET"]}}],"collection":[{"href":"https:\/\/elterritorialweb.com.ar\/web\/wp-json\/wp\/v2\/posts"}],"about":[{"href":"https:\/\/elterritorialweb.com.ar\/web\/wp-json\/wp\/v2\/types\/post"}],"author":[{"embeddable":true,"href":"https:\/\/elterritorialweb.com.ar\/web\/wp-json\/wp\/v2\/users\/2"}],"replies":[{"embeddable":true,"href":"https:\/\/elterritorialweb.com.ar\/web\/wp-json\/wp\/v2\/comments?post=32545"}],"version-history":[{"count":1,"href":"https:\/\/elterritorialweb.com.ar\/web\/wp-json\/wp\/v2\/posts\/32545\/revisions"}],"predecessor-version":[{"id":32547,"href":"https:\/\/elterritorialweb.com.ar\/web\/wp-json\/wp\/v2\/posts\/32545\/revisions\/32547"}],"wp:featuredmedia":[{"embeddable":true,"href":"https:\/\/elterritorialweb.com.ar\/web\/wp-json\/wp\/v2\/media\/32546"}],"wp:attachment":[{"href":"https:\/\/elterritorialweb.com.ar\/web\/wp-json\/wp\/v2\/media?parent=32545"}],"wp:term":[{"taxonomy":"category","embeddable":true,"href":"https:\/\/elterritorialweb.com.ar\/web\/wp-json\/wp\/v2\/categories?post=32545"},{"taxonomy":"post_tag","embeddable":true,"href":"https:\/\/elterritorialweb.com.ar\/web\/wp-json\/wp\/v2\/tags?post=32545"}],"curies":[{"name":"wp","href":"https:\/\/api.w.org\/{rel}","templated":true}]}}