{"id":32554,"date":"2022-01-10T05:38:32","date_gmt":"2022-01-10T05:38:32","guid":{"rendered":"http:\/\/elterritorialweb.com.ar\/web\/?p=32554"},"modified":"2022-01-10T05:38:32","modified_gmt":"2022-01-10T05:38:32","slug":"quimsa-derroto-a-san-martin-de-corrientes-y-es-unico-lider-de-la-liga-nacional","status":"publish","type":"post","link":"https:\/\/elterritorialweb.com.ar\/web\/quimsa-derroto-a-san-martin-de-corrientes-y-es-unico-lider-de-la-liga-nacional\/","title":{"rendered":"QUIMSA DERROT\u00d3 A SAN MART\u00cdN DE CORRIENTES Y ES \u00daNICO LIDER DE LA LIGA NACIONAL"},"content":{"rendered":"\n<p>En el partido de la fecha Quimsa venci\u00f3 a San Mart\u00edn en el Fort\u00edn Rojinegro por 78-68 y es \u00fanico l\u00edder de la liga nacional. Franco Baralle fue la figura en la Fusi\u00f3n con 18 puntos (12 en el \u00faltimo cuarto) y tambi\u00e9n se destac\u00f3 Sebasti\u00e1n Acevedo con 14. En el local Emiliano Basabe sum\u00f3 16 y Mainoldi 15 puntos.<\/p>\n\n\n\n<p>Quimsa gano porque logr\u00f3 imponer su juego durante gran parte del partido. Domino el marcador 35 de los 40 minutos de juego. Lastim\u00f3 siempre las falencias del equipo local, sum\u00f3 el doble de puntos desde la banca (15-30), logr\u00f3 defender en alto vuelo frustrando el ataque correntino y, cuando el partido parec\u00eda complicarse, apareci\u00f3 la gran figura de Franco Baralle para cerrar el encuentro. 12 puntos en el \u00faltimo cuarto para dejar a su equipo puntero de la liga nacional.<\/p>\n\n\n\n<figure class=\"wp-block-image size-full\"><a href=\"https:\/\/i0.wp.com\/elterritorialweb.com.ar\/web\/wp-content\/uploads\/2022\/01\/QUIMSA-2.jpg\"><img data-recalc-dims=\"1\" decoding=\"async\" width=\"640\" height=\"426\" data-src=\"https:\/\/i0.wp.com\/elterritorialweb.com.ar\/web\/wp-content\/uploads\/2022\/01\/QUIMSA-2.jpg?resize=640%2C426\" alt=\"\" class=\"wp-image-32556 lazyload\" data-srcset=\"https:\/\/i0.wp.com\/elterritorialweb.com.ar\/web\/wp-content\/uploads\/2022\/01\/QUIMSA-2.jpg?w=800&amp;ssl=1 800w, https:\/\/i0.wp.com\/elterritorialweb.com.ar\/web\/wp-content\/uploads\/2022\/01\/QUIMSA-2.jpg?resize=300%2C200&amp;ssl=1 300w, https:\/\/i0.wp.com\/elterritorialweb.com.ar\/web\/wp-content\/uploads\/2022\/01\/QUIMSA-2.jpg?resize=768%2C512&amp;ssl=1 768w\" data-sizes=\"(max-width: 640px) 100vw, 640px\" src=\"data:image\/svg+xml;base64,PHN2ZyB3aWR0aD0iMSIgaGVpZ2h0PSIxIiB4bWxucz0iaHR0cDovL3d3dy53My5vcmcvMjAwMC9zdmciPjwvc3ZnPg==\" style=\"--smush-placeholder-width: 640px; --smush-placeholder-aspect-ratio: 640\/426;\" \/><\/a><\/figure>\n\n\n\n<p>En el arranque del partido el Santo parec\u00eda estar mejor. 5-0 de parcial pero r\u00e1pidamente los santiague\u00f1os, con 2 triples, emparejaron las cosas. Sebasti\u00e1n Acevedo, que sum\u00f3 8 en ese cuarto, comandaba la ofensiva visitante sacando faltas y siendo efectivo en el tiro. Por el lado de San Mart\u00edn, no lograba claridad en ofensiva pero de todos modos lograba mantener el partido palo a palo. Con un triple de Machuca y 2 puntos de Andreatta el primer cuarto termin\u00f3 por la m\u00ednima 21-22 para Quimsa.<\/p>\n\n\n\n<p>R\u00e1pidamente en el segundo parcial La fusi\u00f3n logr\u00f3 sacar 9 puntos de ventaja (la m\u00e1xima hasta el momento) con una gran efectividad. Esto oblig\u00f3 a Diego Vadell a pedir minuto y reacomodar las piezas. Promediando el cuarto San Mart\u00edn pudo ajustar su defensa ylastim\u00f3 en la pintura (18-8 los puntos hasta el momento ah\u00ed) con lo que volvi\u00f3 a igualar las acciones. 40-42 fue el resultado al termino de la primera mitad.<\/p>\n\n\n\n<figure class=\"wp-block-image size-full is-resized\"><a href=\"https:\/\/i0.wp.com\/elterritorialweb.com.ar\/web\/wp-content\/uploads\/2022\/01\/QUIMSA-1.jpg\"><img data-recalc-dims=\"1\" decoding=\"async\" data-src=\"https:\/\/i0.wp.com\/elterritorialweb.com.ar\/web\/wp-content\/uploads\/2022\/01\/QUIMSA-1.jpg?resize=640%2C427\" alt=\"\" class=\"wp-image-32557 lazyload\" width=\"640\" height=\"427\" data-srcset=\"https:\/\/i0.wp.com\/elterritorialweb.com.ar\/web\/wp-content\/uploads\/2022\/01\/QUIMSA-1.jpg?w=730&amp;ssl=1 730w, https:\/\/i0.wp.com\/elterritorialweb.com.ar\/web\/wp-content\/uploads\/2022\/01\/QUIMSA-1.jpg?resize=300%2C200&amp;ssl=1 300w\" data-sizes=\"(max-width: 640px) 100vw, 640px\" src=\"data:image\/svg+xml;base64,PHN2ZyB3aWR0aD0iMSIgaGVpZ2h0PSIxIiB4bWxucz0iaHR0cDovL3d3dy53My5vcmcvMjAwMC9zdmciPjwvc3ZnPg==\" style=\"--smush-placeholder-width: 640px; --smush-placeholder-aspect-ratio: 640\/427;\" \/><\/a><\/figure>\n\n\n\n<p>Tras el descanso otra vez comenz\u00f3 mejor el equipo de Sebasti\u00e1n Gonz\u00e1lez y sac\u00f3 12 de diferencia. Con triples de Lugo, Acevedo y buenas apariciones de Cosolito Quimsa parec\u00eda romper el partido. Los correntinos, por su parte, segu\u00edan sin encontrar su juego ni en ataque ni en defensa y las p\u00e9rdidas (12 hasta el momento) inclinaban la balanza. Casi 4 minutos estuvo Sanma sin anotar pero la fusi\u00f3n no supo terminar de aprovechar y con dos triples sobre el final (1 de Machuca y 1 de Ram\u00edrez Barrios) el tercer cuarto termin\u00f3 55-61 con un final abierto.<\/p>\n\n\n\n<p>En el \u00faltimo cuarto apareci\u00f3 la gran figura de Franco Baralle. Meti\u00f3 10 puntos seguidos cuando San Mart\u00edn intentaba arrimarse en el marcador y cerr\u00f3 el partido a toda orquesta. De esta manera Quimsa se qued\u00f3 con el duelo de punteros y lleg\u00f3 a su d\u00e9cima victoria en la liga nacional (10-3). San Mart\u00edn sum\u00f3 su cuarta derrota (9-4) y se mantiene escolta.<\/p>\n","protected":false},"excerpt":{"rendered":"<p>La Fusi\u00f3n gan\u00f3 78-68 en el Fort\u00edn Rojinegro, en una victoria clave para sostenerse bien alto y convertirse en el \u00fanico l\u00edder. Baralle fue clave en el cierre.<\/p>\n","protected":false},"author":2,"featured_media":32555,"comment_status":"open","ping_status":"open","sticky":false,"template":"","format":"standard","meta":{"om_disable_all_campaigns":false,"_monsterinsights_skip_tracking":false,"_monsterinsights_sitenote_active":false,"_monsterinsights_sitenote_note":"","_monsterinsights_sitenote_category":0,"_uf_show_specific_survey":0,"_uf_disable_surveys":false,"jetpack_post_was_ever_published":false,"_jetpack_newsletter_access":"","_jetpack_dont_email_post_to_subs":false,"_jetpack_newsletter_tier_id":0,"_jetpack_memberships_contains_paywalled_content":false,"_jetpack_memberships_contains_paid_content":false,"footnotes":"","jetpack_publicize_message":"","jetpack_publicize_feature_enabled":true,"jetpack_social_post_already_shared":false,"jetpack_social_options":{"image_generator_settings":{"template":"highway","default_image_id":0,"font":"","enabled":false},"version":2}},"categories":[6],"tags":[],"class_list":["post-32554","post","type-post","status-publish","format-standard","has-post-thumbnail","hentry","category-deportes"],"aioseo_notices":[],"views":5,"jetpack_publicize_connections":[],"jetpack_featured_media_url":"https:\/\/i0.wp.com\/elterritorialweb.com.ar\/web\/wp-content\/uploads\/2022\/01\/QUIMSA.jpg?fit=730%2C487&ssl=1","jetpack_sharing_enabled":true,"_links":{"self":[{"href":"https:\/\/elterritorialweb.com.ar\/web\/wp-json\/wp\/v2\/posts\/32554","targetHints":{"allow":["GET"]}}],"collection":[{"href":"https:\/\/elterritorialweb.com.ar\/web\/wp-json\/wp\/v2\/posts"}],"about":[{"href":"https:\/\/elterritorialweb.com.ar\/web\/wp-json\/wp\/v2\/types\/post"}],"author":[{"embeddable":true,"href":"https:\/\/elterritorialweb.com.ar\/web\/wp-json\/wp\/v2\/users\/2"}],"replies":[{"embeddable":true,"href":"https:\/\/elterritorialweb.com.ar\/web\/wp-json\/wp\/v2\/comments?post=32554"}],"version-history":[{"count":1,"href":"https:\/\/elterritorialweb.com.ar\/web\/wp-json\/wp\/v2\/posts\/32554\/revisions"}],"predecessor-version":[{"id":32558,"href":"https:\/\/elterritorialweb.com.ar\/web\/wp-json\/wp\/v2\/posts\/32554\/revisions\/32558"}],"wp:featuredmedia":[{"embeddable":true,"href":"https:\/\/elterritorialweb.com.ar\/web\/wp-json\/wp\/v2\/media\/32555"}],"wp:attachment":[{"href":"https:\/\/elterritorialweb.com.ar\/web\/wp-json\/wp\/v2\/media?parent=32554"}],"wp:term":[{"taxonomy":"category","embeddable":true,"href":"https:\/\/elterritorialweb.com.ar\/web\/wp-json\/wp\/v2\/categories?post=32554"},{"taxonomy":"post_tag","embeddable":true,"href":"https:\/\/elterritorialweb.com.ar\/web\/wp-json\/wp\/v2\/tags?post=32554"}],"curies":[{"name":"wp","href":"https:\/\/api.w.org\/{rel}","templated":true}]}}