{"id":32609,"date":"2022-01-10T21:06:31","date_gmt":"2022-01-10T21:06:31","guid":{"rendered":"http:\/\/elterritorialweb.com.ar\/web\/?p=32609"},"modified":"2022-01-10T21:09:48","modified_gmt":"2022-01-10T21:09:48","slug":"presentan-la-escuela-de-arbitros-de-la-federacion-provincial-de-futbol-de-santiago-del-estero","status":"publish","type":"post","link":"https:\/\/elterritorialweb.com.ar\/web\/presentan-la-escuela-de-arbitros-de-la-federacion-provincial-de-futbol-de-santiago-del-estero\/","title":{"rendered":"PRESENTAN LA ESCUELA DE \u00c1RBITROS DE LA FEDERACI\u00d3N PROVINCIAL DE FUTBOL DE SANTIAGO DEL ESTERO"},"content":{"rendered":"\n<p>En la misma se dio a conocer en detalles el curso de aspirantes, y que comenzar\u00e1 su actividad oficial en la semana, donde la presentaci\u00f3n se realizar\u00e1 el mi\u00e9rcoles 12, a las 16, en la Liga Friense de F\u00fatbol, y a las 20.30 en la Liga Loretana, mientras que el jueves 13, a las 10, la apertura ser\u00e1 en la Liga de Quimil\u00ed. Para el viernes 14, se realizar\u00e1 la presentaci\u00f3n en la Liga Termense de F\u00fatbol, y el s\u00e1bado 15, a las 10, en la ciudad de Pozo Hondo por la Liga del Noroeste.<\/p>\n\n\n\n<figure class=\"wp-block-image size-full\"><a href=\"https:\/\/i0.wp.com\/elterritorialweb.com.ar\/web\/wp-content\/uploads\/2022\/01\/FB_IMG_1641848686046.jpg\"><img data-recalc-dims=\"1\" decoding=\"async\" width=\"640\" height=\"224\" data-src=\"https:\/\/i0.wp.com\/elterritorialweb.com.ar\/web\/wp-content\/uploads\/2022\/01\/FB_IMG_1641848686046.jpg?resize=640%2C224\" alt=\"\" class=\"wp-image-32611 lazyload\" data-srcset=\"https:\/\/i0.wp.com\/elterritorialweb.com.ar\/web\/wp-content\/uploads\/2022\/01\/FB_IMG_1641848686046.jpg?w=720&amp;ssl=1 720w, https:\/\/i0.wp.com\/elterritorialweb.com.ar\/web\/wp-content\/uploads\/2022\/01\/FB_IMG_1641848686046.jpg?resize=300%2C105&amp;ssl=1 300w\" data-sizes=\"(max-width: 640px) 100vw, 640px\" src=\"data:image\/svg+xml;base64,PHN2ZyB3aWR0aD0iMSIgaGVpZ2h0PSIxIiB4bWxucz0iaHR0cDovL3d3dy53My5vcmcvMjAwMC9zdmciPjwvc3ZnPg==\" style=\"--smush-placeholder-width: 640px; --smush-placeholder-aspect-ratio: 640\/224;\" \/><\/a><\/figure>\n\n\n\n<p>M\u00e1s de 200 aspirantes tendr\u00e1 el curso de la Federaci\u00f3n, donde todav\u00eda se podr\u00e1n inscribir en las ligas de origen, y que ser\u00e1 de vital importancia para el crecimiento futbol\u00edstico de la provincia.<\/p>\n\n\n\n<p>El curso oficial ser\u00e1 dictado por el Licenciado Dante Campos, y cuenta con el aval del Consejo Federal y la AFA.<\/p>\n","protected":false},"excerpt":{"rendered":"<p>Cerca de 200 aspirantes, tendr\u00e1 la flamante Escuela de \u00c1rbitros de la Federaci\u00f3n Provincial de F\u00fatbol de Santiago del Estero, que fue presentada oficialmente en la jornada de hoy en el Polideportivo Provincial, con la presencia de las diferentes ligas que conforman la Federaci\u00f3n, del Secretario de Deportes: Carlos Dapello, el vicepresidente de la FPFSE: Francisco Pece y del Instructor Nacional: Licenciado Dante Campos.<\/p>\n","protected":false},"author":2,"featured_media":32610,"comment_status":"open","ping_status":"open","sticky":false,"template":"","format":"standard","meta":{"om_disable_all_campaigns":false,"_monsterinsights_skip_tracking":false,"_monsterinsights_sitenote_active":false,"_monsterinsights_sitenote_note":"","_monsterinsights_sitenote_category":0,"_uf_show_specific_survey":0,"_uf_disable_surveys":false,"jetpack_post_was_ever_published":false,"_jetpack_newsletter_access":"","_jetpack_dont_email_post_to_subs":false,"_jetpack_newsletter_tier_id":0,"_jetpack_memberships_contains_paywalled_content":false,"_jetpack_memberships_contains_paid_content":false,"footnotes":"","jetpack_publicize_message":"","jetpack_publicize_feature_enabled":true,"jetpack_social_post_already_shared":false,"jetpack_social_options":{"image_generator_settings":{"template":"highway","default_image_id":0,"font":"","enabled":false},"version":2}},"categories":[6],"tags":[],"class_list":["post-32609","post","type-post","status-publish","format-standard","has-post-thumbnail","hentry","category-deportes"],"aioseo_notices":[],"views":10,"jetpack_publicize_connections":[],"jetpack_featured_media_url":"https:\/\/i0.wp.com\/elterritorialweb.com.ar\/web\/wp-content\/uploads\/2022\/01\/FB_IMG_1641848682820.jpg?fit=649%2C396&ssl=1","jetpack_sharing_enabled":true,"_links":{"self":[{"href":"https:\/\/elterritorialweb.com.ar\/web\/wp-json\/wp\/v2\/posts\/32609","targetHints":{"allow":["GET"]}}],"collection":[{"href":"https:\/\/elterritorialweb.com.ar\/web\/wp-json\/wp\/v2\/posts"}],"about":[{"href":"https:\/\/elterritorialweb.com.ar\/web\/wp-json\/wp\/v2\/types\/post"}],"author":[{"embeddable":true,"href":"https:\/\/elterritorialweb.com.ar\/web\/wp-json\/wp\/v2\/users\/2"}],"replies":[{"embeddable":true,"href":"https:\/\/elterritorialweb.com.ar\/web\/wp-json\/wp\/v2\/comments?post=32609"}],"version-history":[{"count":1,"href":"https:\/\/elterritorialweb.com.ar\/web\/wp-json\/wp\/v2\/posts\/32609\/revisions"}],"predecessor-version":[{"id":32612,"href":"https:\/\/elterritorialweb.com.ar\/web\/wp-json\/wp\/v2\/posts\/32609\/revisions\/32612"}],"wp:featuredmedia":[{"embeddable":true,"href":"https:\/\/elterritorialweb.com.ar\/web\/wp-json\/wp\/v2\/media\/32610"}],"wp:attachment":[{"href":"https:\/\/elterritorialweb.com.ar\/web\/wp-json\/wp\/v2\/media?parent=32609"}],"wp:term":[{"taxonomy":"category","embeddable":true,"href":"https:\/\/elterritorialweb.com.ar\/web\/wp-json\/wp\/v2\/categories?post=32609"},{"taxonomy":"post_tag","embeddable":true,"href":"https:\/\/elterritorialweb.com.ar\/web\/wp-json\/wp\/v2\/tags?post=32609"}],"curies":[{"name":"wp","href":"https:\/\/api.w.org\/{rel}","templated":true}]}}