{"id":32617,"date":"2022-01-11T00:25:27","date_gmt":"2022-01-11T00:25:27","guid":{"rendered":"http:\/\/elterritorialweb.com.ar\/web\/?p=32617"},"modified":"2022-01-11T00:25:27","modified_gmt":"2022-01-11T00:25:27","slug":"educacion-amplian-el-plazo-de-presentacion-de-documentacion-para-asignaciones-familiares","status":"publish","type":"post","link":"https:\/\/elterritorialweb.com.ar\/web\/educacion-amplian-el-plazo-de-presentacion-de-documentacion-para-asignaciones-familiares\/","title":{"rendered":"EDUCACI\u00d3N: AMPL\u00cdAN EL PLAZO DE PRESENTACI\u00d3N DE DOCUMENTACI\u00d3N PARA ASIGNACIONES FAMILIARES"},"content":{"rendered":"\n<p>El Consejo General de Educaci\u00f3n informa a la comunidad educativa, que se ampl\u00eda hasta el d\u00eda 28 de febrero de 2022 el plazo previsto en la Resoluci\u00f3n N\u00b0 1602\/2021 para que los docentes o empleados administrativos que perciben asignaciones familiares presenten la documentaci\u00f3n de Finalizaci\u00f3n del Ciclo Lectivo 2021. <\/p>\n\n\n\n<p>Lo dispuesto es en atenci\u00f3n a la situaci\u00f3n actual de contagios COVID y para poder programar los turnos de las autoridades educativas, quienes son las responsables de la entrega de la documentaci\u00f3n ante las oficinas de Salario Familiar del CGE<\/p>\n\n\n\n<p>La Resoluci\u00f3n N\u00b0 1602\/2021 aprueba el tr\u00e1mite para la presentaci\u00f3n de la documentaci\u00f3n exigida para la percepci\u00f3n de las Asignaciones Familiares por los docentes o empleados administrativos que ya perciben o solicitan su pago por primera vez. La misma se encuentra disponible para su consulta en www.cgesantiago.gob.ar<\/p>\n","protected":false},"excerpt":{"rendered":"<p>Consejo General de Educaci\u00f3n de la provincia de Santiago del Estero.<\/p>\n","protected":false},"author":2,"featured_media":18585,"comment_status":"open","ping_status":"open","sticky":false,"template":"","format":"standard","meta":{"om_disable_all_campaigns":false,"_monsterinsights_skip_tracking":false,"_monsterinsights_sitenote_active":false,"_monsterinsights_sitenote_note":"","_monsterinsights_sitenote_category":0,"_uf_show_specific_survey":0,"_uf_disable_surveys":false,"jetpack_post_was_ever_published":false,"_jetpack_newsletter_access":"","_jetpack_dont_email_post_to_subs":false,"_jetpack_newsletter_tier_id":0,"_jetpack_memberships_contains_paywalled_content":false,"_jetpack_memberships_contains_paid_content":false,"footnotes":"","jetpack_publicize_message":"","jetpack_publicize_feature_enabled":true,"jetpack_social_post_already_shared":false,"jetpack_social_options":{"image_generator_settings":{"template":"highway","default_image_id":0,"font":"","enabled":false},"version":2}},"categories":[19],"tags":[],"class_list":["post-32617","post","type-post","status-publish","format-standard","has-post-thumbnail","hentry","category-educacion"],"aioseo_notices":[],"views":12,"jetpack_publicize_connections":[],"jetpack_featured_media_url":"https:\/\/i0.wp.com\/elterritorialweb.com.ar\/web\/wp-content\/uploads\/2021\/03\/CONSEJO-DE-EDUCACION.jpg?fit=1500%2C850&ssl=1","jetpack_sharing_enabled":true,"_links":{"self":[{"href":"https:\/\/elterritorialweb.com.ar\/web\/wp-json\/wp\/v2\/posts\/32617","targetHints":{"allow":["GET"]}}],"collection":[{"href":"https:\/\/elterritorialweb.com.ar\/web\/wp-json\/wp\/v2\/posts"}],"about":[{"href":"https:\/\/elterritorialweb.com.ar\/web\/wp-json\/wp\/v2\/types\/post"}],"author":[{"embeddable":true,"href":"https:\/\/elterritorialweb.com.ar\/web\/wp-json\/wp\/v2\/users\/2"}],"replies":[{"embeddable":true,"href":"https:\/\/elterritorialweb.com.ar\/web\/wp-json\/wp\/v2\/comments?post=32617"}],"version-history":[{"count":1,"href":"https:\/\/elterritorialweb.com.ar\/web\/wp-json\/wp\/v2\/posts\/32617\/revisions"}],"predecessor-version":[{"id":32618,"href":"https:\/\/elterritorialweb.com.ar\/web\/wp-json\/wp\/v2\/posts\/32617\/revisions\/32618"}],"wp:featuredmedia":[{"embeddable":true,"href":"https:\/\/elterritorialweb.com.ar\/web\/wp-json\/wp\/v2\/media\/18585"}],"wp:attachment":[{"href":"https:\/\/elterritorialweb.com.ar\/web\/wp-json\/wp\/v2\/media?parent=32617"}],"wp:term":[{"taxonomy":"category","embeddable":true,"href":"https:\/\/elterritorialweb.com.ar\/web\/wp-json\/wp\/v2\/categories?post=32617"},{"taxonomy":"post_tag","embeddable":true,"href":"https:\/\/elterritorialweb.com.ar\/web\/wp-json\/wp\/v2\/tags?post=32617"}],"curies":[{"name":"wp","href":"https:\/\/api.w.org\/{rel}","templated":true}]}}