{"id":32679,"date":"2022-01-12T12:10:18","date_gmt":"2022-01-12T12:10:18","guid":{"rendered":"http:\/\/elterritorialweb.com.ar\/web\/?p=32679"},"modified":"2022-01-12T12:10:19","modified_gmt":"2022-01-12T12:10:19","slug":"termas-campana-de-castracion-y-vacunacion","status":"publish","type":"post","link":"https:\/\/elterritorialweb.com.ar\/web\/termas-campana-de-castracion-y-vacunacion\/","title":{"rendered":"TERMAS: CAMPA\u00d1A DE CASTRACI\u00d3N Y VACUNACI\u00d3N"},"content":{"rendered":"\n<p>Con el objetivo de avanzar en el control poblacional de caninos y felinos y en la concientizaci\u00f3n de una tenencia responsable, esta campa\u00f1a se lleva adelante desde el equipo del Centro de Zoonosis Municipal con la colaboraci\u00f3n de asociaciones y voluntarios de la ciudad y el Concejo Deliberante.<\/p>\n\n\n\n<figure class=\"wp-block-image size-full\"><a href=\"https:\/\/i0.wp.com\/elterritorialweb.com.ar\/web\/wp-content\/uploads\/2022\/01\/FB_IMG_1641988716836.jpg\"><img data-recalc-dims=\"1\" decoding=\"async\" width=\"640\" height=\"288\" data-src=\"https:\/\/i0.wp.com\/elterritorialweb.com.ar\/web\/wp-content\/uploads\/2022\/01\/FB_IMG_1641988716836.jpg?resize=640%2C288\" alt=\"\" class=\"wp-image-32681 lazyload\" data-srcset=\"https:\/\/i0.wp.com\/elterritorialweb.com.ar\/web\/wp-content\/uploads\/2022\/01\/FB_IMG_1641988716836.jpg?w=720&amp;ssl=1 720w, https:\/\/i0.wp.com\/elterritorialweb.com.ar\/web\/wp-content\/uploads\/2022\/01\/FB_IMG_1641988716836.jpg?resize=300%2C135&amp;ssl=1 300w\" data-sizes=\"(max-width: 640px) 100vw, 640px\" src=\"data:image\/svg+xml;base64,PHN2ZyB3aWR0aD0iMSIgaGVpZ2h0PSIxIiB4bWxucz0iaHR0cDovL3d3dy53My5vcmcvMjAwMC9zdmciPjwvc3ZnPg==\" style=\"--smush-placeholder-width: 640px; --smush-placeholder-aspect-ratio: 640\/288;\" \/><\/a><\/figure>\n\n\n\n<p>La #castraci\u00f3n evita la reproducci\u00f3n indiscriminada, y previene situaciones de extrav\u00edo, accidentes, enfermedades, celo y sangrado agresividad, como tambi\u00e9n el abandono por parte de los humanos.<\/p>\n\n\n\n<figure class=\"wp-block-image size-full\"><a href=\"https:\/\/i0.wp.com\/elterritorialweb.com.ar\/web\/wp-content\/uploads\/2022\/01\/FB_IMG_1641988729842.jpg\"><img data-recalc-dims=\"1\" decoding=\"async\" width=\"640\" height=\"288\" data-src=\"https:\/\/i0.wp.com\/elterritorialweb.com.ar\/web\/wp-content\/uploads\/2022\/01\/FB_IMG_1641988729842.jpg?resize=640%2C288\" alt=\"\" class=\"wp-image-32682 lazyload\" data-srcset=\"https:\/\/i0.wp.com\/elterritorialweb.com.ar\/web\/wp-content\/uploads\/2022\/01\/FB_IMG_1641988729842.jpg?w=720&amp;ssl=1 720w, https:\/\/i0.wp.com\/elterritorialweb.com.ar\/web\/wp-content\/uploads\/2022\/01\/FB_IMG_1641988729842.jpg?resize=300%2C135&amp;ssl=1 300w\" data-sizes=\"(max-width: 640px) 100vw, 640px\" src=\"data:image\/svg+xml;base64,PHN2ZyB3aWR0aD0iMSIgaGVpZ2h0PSIxIiB4bWxucz0iaHR0cDovL3d3dy53My5vcmcvMjAwMC9zdmciPjwvc3ZnPg==\" style=\"--smush-placeholder-width: 640px; --smush-placeholder-aspect-ratio: 640\/288;\" \/><\/a><\/figure>\n\n\n\n<p>Tambi\u00e9n se inici\u00f3 el pasado 7 de enero<strong> la Campa\u00f1a de Vacunaci\u00f3n Antirr\u00e1bica y Desparasitaci\u00f3n Municipal<\/strong>  para mascotas a partir de los 3 meses, y se realiza en coordinaci\u00f3n con el Programa Nacional de tenencia responsable de perros y gatos y la Direcci\u00f3n de Medicina preventiva de la provincia de Santiago Del Estero.<\/p>\n\n\n\n<figure class=\"wp-block-image size-full\"><a href=\"https:\/\/i0.wp.com\/elterritorialweb.com.ar\/web\/wp-content\/uploads\/2022\/01\/FB_IMG_1641988727291.jpg\"><img data-recalc-dims=\"1\" decoding=\"async\" width=\"640\" height=\"288\" data-src=\"https:\/\/i0.wp.com\/elterritorialweb.com.ar\/web\/wp-content\/uploads\/2022\/01\/FB_IMG_1641988727291.jpg?resize=640%2C288\" alt=\"\" class=\"wp-image-32683 lazyload\" data-srcset=\"https:\/\/i0.wp.com\/elterritorialweb.com.ar\/web\/wp-content\/uploads\/2022\/01\/FB_IMG_1641988727291.jpg?w=720&amp;ssl=1 720w, https:\/\/i0.wp.com\/elterritorialweb.com.ar\/web\/wp-content\/uploads\/2022\/01\/FB_IMG_1641988727291.jpg?resize=300%2C135&amp;ssl=1 300w\" data-sizes=\"(max-width: 640px) 100vw, 640px\" src=\"data:image\/svg+xml;base64,PHN2ZyB3aWR0aD0iMSIgaGVpZ2h0PSIxIiB4bWxucz0iaHR0cDovL3d3dy53My5vcmcvMjAwMC9zdmciPjwvc3ZnPg==\" style=\"--smush-placeholder-width: 640px; --smush-placeholder-aspect-ratio: 640\/288;\" \/><\/a><\/figure>\n\n\n\n<p>Los interesados deber\u00e1n inscribirse a trav\u00e9s del Sistema de Turnos al celular 3858-463694, teniendo en cuenta que las atenciones se llevar\u00e1n a cabo el 17 y 21 del corriente mes de forma libre y gratuita.<\/p>\n","protected":false},"excerpt":{"rendered":"<p>La Campa\u00f1a Gratuita de Castraci\u00f3n de perros y gatos se realiza en la Iglesia Jes\u00fas da Vida del Barrio Villa Balnearia que continuar\u00e1 por otros sectores de la ciudad <\/p>\n","protected":false},"author":2,"featured_media":32680,"comment_status":"open","ping_status":"open","sticky":false,"template":"","format":"standard","meta":{"om_disable_all_campaigns":false,"_monsterinsights_skip_tracking":false,"_monsterinsights_sitenote_active":false,"_monsterinsights_sitenote_note":"","_monsterinsights_sitenote_category":0,"_uf_show_specific_survey":0,"_uf_disable_surveys":false,"jetpack_post_was_ever_published":false,"_jetpack_newsletter_access":"","_jetpack_dont_email_post_to_subs":false,"_jetpack_newsletter_tier_id":0,"_jetpack_memberships_contains_paywalled_content":false,"_jetpack_memberships_contains_paid_content":false,"footnotes":"","jetpack_publicize_message":"","jetpack_publicize_feature_enabled":true,"jetpack_social_post_already_shared":false,"jetpack_social_options":{"image_generator_settings":{"template":"highway","default_image_id":0,"font":"","enabled":false},"version":2}},"categories":[21],"tags":[],"class_list":["post-32679","post","type-post","status-publish","format-standard","has-post-thumbnail","hentry","category-locales"],"aioseo_notices":[],"views":9,"jetpack_publicize_connections":[],"jetpack_featured_media_url":"https:\/\/i0.wp.com\/elterritorialweb.com.ar\/web\/wp-content\/uploads\/2022\/01\/FB_IMG_1641988719584.jpg?fit=720%2C324&ssl=1","jetpack_sharing_enabled":true,"_links":{"self":[{"href":"https:\/\/elterritorialweb.com.ar\/web\/wp-json\/wp\/v2\/posts\/32679","targetHints":{"allow":["GET"]}}],"collection":[{"href":"https:\/\/elterritorialweb.com.ar\/web\/wp-json\/wp\/v2\/posts"}],"about":[{"href":"https:\/\/elterritorialweb.com.ar\/web\/wp-json\/wp\/v2\/types\/post"}],"author":[{"embeddable":true,"href":"https:\/\/elterritorialweb.com.ar\/web\/wp-json\/wp\/v2\/users\/2"}],"replies":[{"embeddable":true,"href":"https:\/\/elterritorialweb.com.ar\/web\/wp-json\/wp\/v2\/comments?post=32679"}],"version-history":[{"count":1,"href":"https:\/\/elterritorialweb.com.ar\/web\/wp-json\/wp\/v2\/posts\/32679\/revisions"}],"predecessor-version":[{"id":32684,"href":"https:\/\/elterritorialweb.com.ar\/web\/wp-json\/wp\/v2\/posts\/32679\/revisions\/32684"}],"wp:featuredmedia":[{"embeddable":true,"href":"https:\/\/elterritorialweb.com.ar\/web\/wp-json\/wp\/v2\/media\/32680"}],"wp:attachment":[{"href":"https:\/\/elterritorialweb.com.ar\/web\/wp-json\/wp\/v2\/media?parent=32679"}],"wp:term":[{"taxonomy":"category","embeddable":true,"href":"https:\/\/elterritorialweb.com.ar\/web\/wp-json\/wp\/v2\/categories?post=32679"},{"taxonomy":"post_tag","embeddable":true,"href":"https:\/\/elterritorialweb.com.ar\/web\/wp-json\/wp\/v2\/tags?post=32679"}],"curies":[{"name":"wp","href":"https:\/\/api.w.org\/{rel}","templated":true}]}}